{"id":18812,"date":"2013-08-02T20:40:02","date_gmt":"2013-08-03T01:40:02","guid":{"rendered":"http:\/\/contraluzcucuta.co\/?p=18812"},"modified":"2013-08-02T20:40:02","modified_gmt":"2013-08-03T01:40:02","slug":"cucuta-deportivo-tendra-nueva-camiseta","status":"publish","type":"post","link":"https:\/\/contraluzcucuta.co\/?p=18812","title":{"rendered":"C\u00facuta Deportivo tendr\u00e1 nueva camiseta"},"content":{"rendered":"<p><b>C\u00daCUTA.-<\/b> El 7 de agosto, el C\u00facuta Deportivo presentar\u00e1 la nueva camiseta del equipo y la n\u00f3mina de jugadores que participa en el segundo torneo del a\u00f1o, del f\u00fatbol profesional colombiano.<\/p>\n<p>La actividad se cumplir\u00e1, a las 6:30 de la tarde en las fuentes interactivas externas el centro comercial Unicentro C\u00facuta.<\/p>\n<p>El profesor \u00c1lvaro Aponte defini\u00f3\u00a0 la n\u00f3mina\u00a0 que afrontar\u00e1\u00a0 este domingo la segunda fecha del campeonato frente a Deportes Quind\u00edo.<\/p>\n<p>Walter Moreno,\u00a0 Jhon C\u00f3rdoba, Eliser Qui\u00f1ones y el arquero uruguayo Diego Mart\u00ednez recibieron las trasferencias internacionales y est\u00e1n\u00a0 habilitados para jugar.<\/p>\n<p>El equipo que\u00a0 viaja este s\u00e1bado, a las 10:00 de la ma\u00f1ana, a Armenia es el siguiente:<\/p>\n<p><b>Arqueros<\/b>; Jos\u00e9 Escobar y Diego Germ\u00e1n Mart\u00ednez.<\/p>\n<p><b>Defensas<\/b>; Dar\u00edo Bustos, Luis Payares, Walter Moreno, Mauricio Duarte y Edwin Del Castillo.<\/p>\n<p><b>Mediocampistas<\/b>; Jaime C\u00f3rdoba,\u00a0 Rodrigo Soria, Javier Ara\u00fajo, Javier Fl\u00f3rez y James Castro.<\/p>\n<p><b>Delanteros<\/b>; Jhon C\u00f3rdoba, Milt\u00f3n Rodr\u00edguez, Eliser Qui\u00f1ones y Jeison Qui\u00f1ones.<\/p>\n<p>El encuentro se jugar\u00e1, a las 3:15 de la tarde, en el estadio Centenario (Armenia).<\/p>\n<p>&nbsp; <\/p>\n","protected":false},"excerpt":{"rendered":"<p>C\u00daCUTA.- El 7 de agosto, el C\u00facuta Deportivo presentar\u00e1 la nueva camiseta del equipo y la n\u00f3mina de jugadores que participa en el segundo torneo del a\u00f1o, del f\u00fatbol profesional colombiano. La actividad se cumplir\u00e1, a las 6:30 de la tarde en las fuentes interactivas externas el centro comercial Unicentro C\u00facuta. El profesor \u00c1lvaro Aponte &hellip;<\/p>\n","protected":false},"author":1,"featured_media":18813,"comment_status":"open","ping_status":"open","sticky":false,"template":"","format":"standard","meta":{"footnotes":""},"categories":[28],"tags":[192],"class_list":["post-18812","post","type-post","status-publish","format-standard","has-post-thumbnail","hentry","category-vistazo-deportivo","tag-cucuta-deportivo"],"_links":{"self":[{"href":"https:\/\/contraluzcucuta.co\/index.php?rest_route=\/wp\/v2\/posts\/18812","targetHints":{"allow":["GET"]}}],"collection":[{"href":"https:\/\/contraluzcucuta.co\/index.php?rest_route=\/wp\/v2\/posts"}],"about":[{"href":"https:\/\/contraluzcucuta.co\/index.php?rest_route=\/wp\/v2\/types\/post"}],"author":[{"embeddable":true,"href":"https:\/\/contraluzcucuta.co\/index.php?rest_route=\/wp\/v2\/users\/1"}],"replies":[{"embeddable":true,"href":"https:\/\/contraluzcucuta.co\/index.php?rest_route=%2Fwp%2Fv2%2Fcomments&post=18812"}],"version-history":[{"count":2,"href":"https:\/\/contraluzcucuta.co\/index.php?rest_route=\/wp\/v2\/posts\/18812\/revisions"}],"predecessor-version":[{"id":18815,"href":"https:\/\/contraluzcucuta.co\/index.php?rest_route=\/wp\/v2\/posts\/18812\/revisions\/18815"}],"wp:featuredmedia":[{"embeddable":true,"href":"https:\/\/contraluzcucuta.co\/index.php?rest_route=\/wp\/v2\/media\/18813"}],"wp:attachment":[{"href":"https:\/\/contraluzcucuta.co\/index.php?rest_route=%2Fwp%2Fv2%2Fmedia&parent=18812"}],"wp:term":[{"taxonomy":"category","embeddable":true,"href":"https:\/\/contraluzcucuta.co\/index.php?rest_route=%2Fwp%2Fv2%2Fcategories&post=18812"},{"taxonomy":"post_tag","embeddable":true,"href":"https:\/\/contraluzcucuta.co\/index.php?rest_route=%2Fwp%2Fv2%2Ftags&post=18812"}],"curies":[{"name":"wp","href":"https:\/\/api.w.org\/{rel}","templated":true}]}}