{"id":18809,"date":"2013-08-02T20:22:46","date_gmt":"2013-08-03T01:22:46","guid":{"rendered":"http:\/\/contraluzcucuta.co\/?p=18809"},"modified":"2013-08-02T20:22:46","modified_gmt":"2013-08-03T01:22:46","slug":"trazada-ruta-de-atencion-a-desplazamientos-masivos","status":"publish","type":"post","link":"https:\/\/contraluzcucuta.co\/?p=18809","title":{"rendered":"Trazada ruta de atenci\u00f3n a desplazamientos masivos"},"content":{"rendered":"<p><b>C\u00daCUTA<\/b>.- Representantes de organizaciones de v\u00edctimas, l\u00edderes sociales, funcionarios y poblaci\u00f3n civil conocieron el dise\u00f1o de la Ruta de atenci\u00f3n a desplazamientos masivos.<\/p>\n<p>La herramienta, construida mediante una serie de comit\u00e9s institucionales permite proyectar la atenci\u00f3n \u00e1gil y eficiente que deben prestar las entidades responsables de asistir a las comunidades v\u00edctimas de desplazamiento.<\/p>\n<p>La ruta est\u00e1 dividida en tres momentos<\/p>\n<p>1.- Atenci\u00f3n inmediata a las v\u00edctimas<\/p>\n<p>2.- Coordinaci\u00f3n interinstitucional<\/p>\n<p>3.- Retorno y reubicaci\u00f3n<\/p>\n<p>La ruta dise\u00f1ada fue socializada al p\u00fablico para dar paso a un segundo momento en el que se atendieron inquietudes de los medios de comunicaci\u00f3n y de los asistentes.<\/p>\n<p>Entre las inquietudes expresadas a quienes presidieron el foro, estuvo la de definir en qu\u00e9 consist\u00eda el llamado Plan de contingencia creado por primera vez en C\u00facuta.<\/p>\n<p>Los encargados explicaron que el plan es un instrumento t\u00e9cnico construido en el Comit\u00e9 de Justicia Transicional, por medio del cual se prev\u00e9n escenarios de riesgo en un territorio espec\u00edfico. Este plan define los procedimientos, las acciones, las estrategias, los recursos humanos y financieros para la atenci\u00f3n oportuna de las emergencias humanitarias.<\/p>\n<p>Como aporte de la Direcci\u00f3n Territorial Norte de Santander se expuso la obligaci\u00f3n de atender los casos redireccionados por el Ministerio P\u00fablico en que haya ocurrido despojo de tierras.<\/p>\n<p>En desarrollo de la estrategia de sensibilizaci\u00f3n, apropiaci\u00f3n y divulgaci\u00f3n del plan de contingencia y los protocolos de atenci\u00f3n, proceso liderado por Global Communities y Corprodinco, con apoyo de la Alcald\u00eda de C\u00facuta, se llev\u00f3 a\u00a0 cabo el Foro en Atenci\u00f3n Humanitaria a Desplazamientos Masivos en C\u00facuta.<\/p>\n<p>En la actividad particip\u00f3 la Unidad de Restituci\u00f3n de Tierras, Direcci\u00f3n Territorial Norte de Santander, como entidad llamada a prestar atenci\u00f3n a las v\u00edctimas del desplazamiento en la regi\u00f3n, espec\u00edficamente en los casos que ocurran a causa del conflicto y que se presenten en personas con derecho a reclamar la posesi\u00f3n sobre el predio despojado.<\/p>\n<p>&nbsp;<\/p>\n<p>&nbsp; <\/p>\n","protected":false},"excerpt":{"rendered":"<p>C\u00daCUTA.- Representantes de organizaciones de v\u00edctimas, l\u00edderes sociales, funcionarios y poblaci\u00f3n civil conocieron el dise\u00f1o de la Ruta de atenci\u00f3n a desplazamientos masivos. La herramienta, construida mediante una serie de comit\u00e9s institucionales permite proyectar la atenci\u00f3n \u00e1gil y eficiente que deben prestar las entidades responsables de asistir a las comunidades v\u00edctimas de desplazamiento. La ruta &hellip;<\/p>\n","protected":false},"author":1,"featured_media":18810,"comment_status":"open","ping_status":"open","sticky":false,"template":"","format":"standard","meta":{"footnotes":""},"categories":[5,6],"tags":[38,750],"class_list":["post-18809","post","type-post","status-publish","format-standard","has-post-thumbnail","hentry","category-justicia-transicional","category-ojo-avizor","tag-desplazados","tag-unidad-de-restitucion-de-tierras"],"_links":{"self":[{"href":"https:\/\/contraluzcucuta.co\/index.php?rest_route=\/wp\/v2\/posts\/18809","targetHints":{"allow":["GET"]}}],"collection":[{"href":"https:\/\/contraluzcucuta.co\/index.php?rest_route=\/wp\/v2\/posts"}],"about":[{"href":"https:\/\/contraluzcucuta.co\/index.php?rest_route=\/wp\/v2\/types\/post"}],"author":[{"embeddable":true,"href":"https:\/\/contraluzcucuta.co\/index.php?rest_route=\/wp\/v2\/users\/1"}],"replies":[{"embeddable":true,"href":"https:\/\/contraluzcucuta.co\/index.php?rest_route=%2Fwp%2Fv2%2Fcomments&post=18809"}],"version-history":[{"count":1,"href":"https:\/\/contraluzcucuta.co\/index.php?rest_route=\/wp\/v2\/posts\/18809\/revisions"}],"predecessor-version":[{"id":18811,"href":"https:\/\/contraluzcucuta.co\/index.php?rest_route=\/wp\/v2\/posts\/18809\/revisions\/18811"}],"wp:featuredmedia":[{"embeddable":true,"href":"https:\/\/contraluzcucuta.co\/index.php?rest_route=\/wp\/v2\/media\/18810"}],"wp:attachment":[{"href":"https:\/\/contraluzcucuta.co\/index.php?rest_route=%2Fwp%2Fv2%2Fmedia&parent=18809"}],"wp:term":[{"taxonomy":"category","embeddable":true,"href":"https:\/\/contraluzcucuta.co\/index.php?rest_route=%2Fwp%2Fv2%2Fcategories&post=18809"},{"taxonomy":"post_tag","embeddable":true,"href":"https:\/\/contraluzcucuta.co\/index.php?rest_route=%2Fwp%2Fv2%2Ftags&post=18809"}],"curies":[{"name":"wp","href":"https:\/\/api.w.org\/{rel}","templated":true}]}}