{"id":18806,"date":"2013-08-02T19:19:15","date_gmt":"2013-08-03T00:19:15","guid":{"rendered":"http:\/\/contraluzcucuta.co\/?p=18806"},"modified":"2013-08-02T19:19:15","modified_gmt":"2013-08-03T00:19:15","slug":"maraton-de-seguridad-llego-a-motilones","status":"publish","type":"post","link":"https:\/\/contraluzcucuta.co\/?p=18806","title":{"rendered":"Marat\u00f3n de Seguridad\u2019 lleg\u00f3 a Motilones"},"content":{"rendered":"<p>\u2018<b>C\u00daCUTA.-<\/b> Un Comando de Atenci\u00f3n Inmediata (CAI) fortalecer\u00e1 la prestaci\u00f3n del servicio en el barrio Motilones. La intervenci\u00f3n comunitaria consolida la ofensiva contra el microtr\u00e1fico en esa zona de la ciudad.<\/p>\n<p>Entre las actividades de prevenci\u00f3n para hacerle freno al delito, la \u2018Marat\u00f3n de Seguridad\u2019 llev\u00f3 a la comunidad la iniciativa, que hace parte de la fase de consolidaci\u00f3n para la Ciudadela Juan Atalaya.<\/p>\n<p>Durante junio y julio, se adelantaron los siguientes operativos:<\/p>\n<p>1.- Desarticular una red de expendedores de narc\u00f3ticos<\/p>\n<p>2.- Capturar a 57 personas por narcotr\u00e1fico<\/p>\n<p>3.- Desmantelar seis expendios fijos para la venta de narc\u00f3ticos<\/p>\n<p>4.- Incautar m\u00e1s de 13.000 gramos de estupefacientes.<\/p>\n<p>En las actividades se allanaron varios inmuebles y algunos est\u00e1n en proceso para ser presentados para la extinci\u00f3n del derecho del dominio, por ser destinados como ollas para la venta dosificada de marihuana, base de coca, bazuco y coca\u00edna.<\/p>\n<p>La Polic\u00eda golpe\u00f3 el microtr\u00e1fico que se hab\u00eda tomado esa zona de Motilones, como resultado de la migraci\u00f3n de expendedores y consumidores que hac\u00edan presencia en la Curva Pele El Ojo (barrio Santo Domingo), donde con una contundente intervenci\u00f3n policial se derrib\u00f3 el mito de inseguridad en el que se hab\u00eda convertido.<\/p>\n<p>&nbsp; <\/p>\n","protected":false},"excerpt":{"rendered":"<p>\u2018C\u00daCUTA.- Un Comando de Atenci\u00f3n Inmediata (CAI) fortalecer\u00e1 la prestaci\u00f3n del servicio en el barrio Motilones. La intervenci\u00f3n comunitaria consolida la ofensiva contra el microtr\u00e1fico en esa zona de la ciudad. Entre las actividades de prevenci\u00f3n para hacerle freno al delito, la \u2018Marat\u00f3n de Seguridad\u2019 llev\u00f3 a la comunidad la iniciativa, que hace parte de &hellip;<\/p>\n","protected":false},"author":1,"featured_media":18807,"comment_status":"open","ping_status":"open","sticky":false,"template":"","format":"standard","meta":{"footnotes":""},"categories":[11],"tags":[816],"class_list":["post-18806","post","type-post","status-publish","format-standard","has-post-thumbnail","hentry","category-cronica-roja","tag-maraton-de-seguridad"],"_links":{"self":[{"href":"https:\/\/contraluzcucuta.co\/index.php?rest_route=\/wp\/v2\/posts\/18806","targetHints":{"allow":["GET"]}}],"collection":[{"href":"https:\/\/contraluzcucuta.co\/index.php?rest_route=\/wp\/v2\/posts"}],"about":[{"href":"https:\/\/contraluzcucuta.co\/index.php?rest_route=\/wp\/v2\/types\/post"}],"author":[{"embeddable":true,"href":"https:\/\/contraluzcucuta.co\/index.php?rest_route=\/wp\/v2\/users\/1"}],"replies":[{"embeddable":true,"href":"https:\/\/contraluzcucuta.co\/index.php?rest_route=%2Fwp%2Fv2%2Fcomments&post=18806"}],"version-history":[{"count":1,"href":"https:\/\/contraluzcucuta.co\/index.php?rest_route=\/wp\/v2\/posts\/18806\/revisions"}],"predecessor-version":[{"id":18808,"href":"https:\/\/contraluzcucuta.co\/index.php?rest_route=\/wp\/v2\/posts\/18806\/revisions\/18808"}],"wp:featuredmedia":[{"embeddable":true,"href":"https:\/\/contraluzcucuta.co\/index.php?rest_route=\/wp\/v2\/media\/18807"}],"wp:attachment":[{"href":"https:\/\/contraluzcucuta.co\/index.php?rest_route=%2Fwp%2Fv2%2Fmedia&parent=18806"}],"wp:term":[{"taxonomy":"category","embeddable":true,"href":"https:\/\/contraluzcucuta.co\/index.php?rest_route=%2Fwp%2Fv2%2Fcategories&post=18806"},{"taxonomy":"post_tag","embeddable":true,"href":"https:\/\/contraluzcucuta.co\/index.php?rest_route=%2Fwp%2Fv2%2Ftags&post=18806"}],"curies":[{"name":"wp","href":"https:\/\/api.w.org\/{rel}","templated":true}]}}