{"id":18803,"date":"2013-08-02T18:30:42","date_gmt":"2013-08-02T23:30:42","guid":{"rendered":"http:\/\/contraluzcucuta.co\/?p=18803"},"modified":"2013-08-02T18:30:42","modified_gmt":"2013-08-02T23:30:42","slug":"msbcolombia-tendra-asamblea-nacional-en-cucuta","status":"publish","type":"post","link":"https:\/\/contraluzcucuta.co\/?p=18803","title":{"rendered":"MSBColombia tendr\u00e1 asamblea nacional en C\u00facuta"},"content":{"rendered":"<p><b>C\u00daCUTA.-<\/b> Del 16 al 18 de agosto, est\u00e1 convocado el segundo encuentro y primera asamblea nacional del Movimiento Comunero Socialista Bolivariano (MSBColombia). En la jornada se confirmar\u00e1n la Declaraci\u00f3n de principios, el Estatuto y el C\u00f3digo de \u00c9tica, y se propondr\u00e1n planes y proyectos, y se designar\u00e1n autoridades.<\/p>\n<p>En los d\u00edas de trabajo, en C\u00facuta se elaborar\u00e1 la lista preliminar de candidatos al Senado de la Rep\u00fablica, elecciones 2014.<\/p>\n<p>Los Requisitos de participaci\u00f3n con voz son estar en la lista de aspirantes a militantes o iniciados del MSBColombia, inscritos antes del 12 de agosto. Los requisitos de participaci\u00f3n con voz y voto son estar inscrito como patrullero o comandante de batall\u00f3n de recolecci\u00f3n de firmas para la candidatura presidencial.<\/p>\n<p>A los que se inscriban como aspirantes a militantes, iniciados, patrulleros o comandantes de batall\u00f3n se les garantiza alojamiento comunal y alimentaci\u00f3n.<\/p>\n<p>La invitaci\u00f3n est\u00e1 abierta para organizaciones sociales y pol\u00edticas afines de Colombia y el mundo que se contacten con el MSBColombia, antes del 12 de agosto, y obtengan autorizaci\u00f3n de participaci\u00f3n como observadores.<\/p>\n<p>En el encuentro se har\u00e1 el primer corte de recolecci\u00f3n de firmas para la candidatura presidencial de David Corredor Cu\u00e9llar por el MSBColombia.<\/p>\n<p>El Consejo Nacional Electoral llevar\u00e1 el registro de partidos, movimientos y agrupaciones pol\u00edticas. Los representantes legales registrar\u00e1n las actas de fundaci\u00f3n, los estatutos y las reformas, los documentos relacionados con la plataforma ideol\u00f3gica o program\u00e1tica, la designaci\u00f3n y remoci\u00f3n de sus directivos, as\u00ed como el registro de sus afiliados.<\/p>\n<p>Corresponde al CNE autorizar el registro de los documentos previa verificaci\u00f3n del cumplimiento de los principios y reglas de organizaci\u00f3n y funcionamiento consagrados en la Constituci\u00f3n, la ley y los correspondientes estatutos.<\/p>\n<p>Los grupos significativos de ciudadanos que postulen candidatos al Senado de la Rep\u00fablica o a la C\u00e1mara de Representantes y obtengan los votos requeridos para el reconocimiento de personer\u00eda jur\u00eddica, podr\u00e1n organizarse como partidos o movimientos pol\u00edticos y solicitar la personer\u00eda.<\/p>\n<p>&nbsp; <\/p>\n","protected":false},"excerpt":{"rendered":"<p>C\u00daCUTA.- Del 16 al 18 de agosto, est\u00e1 convocado el segundo encuentro y primera asamblea nacional del Movimiento Comunero Socialista Bolivariano (MSBColombia). En la jornada se confirmar\u00e1n la Declaraci\u00f3n de principios, el Estatuto y el C\u00f3digo de \u00c9tica, y se propondr\u00e1n planes y proyectos, y se designar\u00e1n autoridades. En los d\u00edas de trabajo, en C\u00facuta &hellip;<\/p>\n","protected":false},"author":1,"featured_media":18804,"comment_status":"open","ping_status":"open","sticky":false,"template":"","format":"standard","meta":{"footnotes":""},"categories":[9,32],"tags":[433],"class_list":["post-18803","post","type-post","status-publish","format-standard","has-post-thumbnail","hentry","category-politica","category-recorrido-por-la-region","tag-msbcolombia"],"_links":{"self":[{"href":"https:\/\/contraluzcucuta.co\/index.php?rest_route=\/wp\/v2\/posts\/18803","targetHints":{"allow":["GET"]}}],"collection":[{"href":"https:\/\/contraluzcucuta.co\/index.php?rest_route=\/wp\/v2\/posts"}],"about":[{"href":"https:\/\/contraluzcucuta.co\/index.php?rest_route=\/wp\/v2\/types\/post"}],"author":[{"embeddable":true,"href":"https:\/\/contraluzcucuta.co\/index.php?rest_route=\/wp\/v2\/users\/1"}],"replies":[{"embeddable":true,"href":"https:\/\/contraluzcucuta.co\/index.php?rest_route=%2Fwp%2Fv2%2Fcomments&post=18803"}],"version-history":[{"count":1,"href":"https:\/\/contraluzcucuta.co\/index.php?rest_route=\/wp\/v2\/posts\/18803\/revisions"}],"predecessor-version":[{"id":18805,"href":"https:\/\/contraluzcucuta.co\/index.php?rest_route=\/wp\/v2\/posts\/18803\/revisions\/18805"}],"wp:featuredmedia":[{"embeddable":true,"href":"https:\/\/contraluzcucuta.co\/index.php?rest_route=\/wp\/v2\/media\/18804"}],"wp:attachment":[{"href":"https:\/\/contraluzcucuta.co\/index.php?rest_route=%2Fwp%2Fv2%2Fmedia&parent=18803"}],"wp:term":[{"taxonomy":"category","embeddable":true,"href":"https:\/\/contraluzcucuta.co\/index.php?rest_route=%2Fwp%2Fv2%2Fcategories&post=18803"},{"taxonomy":"post_tag","embeddable":true,"href":"https:\/\/contraluzcucuta.co\/index.php?rest_route=%2Fwp%2Fv2%2Ftags&post=18803"}],"curies":[{"name":"wp","href":"https:\/\/api.w.org\/{rel}","templated":true}]}}