{"id":18793,"date":"2013-08-01T14:17:51","date_gmt":"2013-08-01T19:17:51","guid":{"rendered":"http:\/\/contraluzcucuta.co\/?p=18793"},"modified":"2013-08-01T14:17:51","modified_gmt":"2013-08-01T19:17:51","slug":"el-catatumbo-region-en-el-olvido","status":"publish","type":"post","link":"https:\/\/contraluzcucuta.co\/?p=18793","title":{"rendered":"El Catatumbo, regi\u00f3n en el olvido"},"content":{"rendered":"<p>La regi\u00f3n de El Catatumbo (Norte de Santander), en el nororiente del pa\u00eds, est\u00e1 conformada por los municipios: \u00c1brego, Convenci\u00f3n, El Carmen, El Tarra, Hacar\u00ed, La Playa, Oca\u00f1a, San Calixto, Sardinata, Teorama y Tib\u00fa, que son, aproximadamente, el 50 por ciento del territorio departamental.<\/p>\n<p>Dicha regi\u00f3n tiene una riqueza incalculable e invaluable en recursos naturales, forestales, faun\u00edsticos, h\u00eddricos y minerales, entre los que predominan el petr\u00f3leo y el carb\u00f3n. As\u00ed mismo, existe una riqueza \u00e9tnica en la que se encuentran dos resguardos ind\u00edgenas del pueblo Motil\u00f3n Bar\u00ed, con una poblaci\u00f3n aproximada de 3974 ind\u00edgenas, equivalentes al 1,4 % del total de la poblaci\u00f3n de los 11 municipios:<\/p>\n<p>1. Resguardo Catalaura. En La Gabarra (El Tarra).<\/p>\n<p>2. Resguardo Motil\u00f3n \u2013 Bar\u00ed. En El Carmen, Convenci\u00f3n y Teorama.<\/p>\n<p>En la regi\u00f3n viven 10.536 afrocolombianos en las cabeceras municipales. Es importante poner como precedente estos aspectos, pues preocupa que en gobiernos netamente centralistas exista desconocimiento real de lo que acontece en la Zona de El Catatumbo que requiere de un trato inmediato y especial.<\/p>\n<p>El olvido, el abandono y, en muchos casos, la negligencia del Estado, han ocasionado situaciones como las marchas campesinas. Parece irrisorio que el actual Gobierno pretenda seguir haciendo reuniones a destiempo para llegar a acuerdos que, valga la pena mencionar, \u201cnunca se cumplen\u201d, y que por el contrario, como siempre, quedan en solo promesas de las cuales la gente de las regiones y las provincias est\u00e1n completamente decepcionadas.<\/p>\n<p>En la actual situaci\u00f3n de El Catatumbo, el Gobierno desconoce que la problem\u00e1tica est\u00e1 originada desde el paro del Nororiente, en 1986, cuando se pactaron inversiones y acuerdos que nunca se cumplieron, dando origen a las marchas campesinas de 1996 y 1998, precisamente por una comunidad inconforme, indignada y desesperada gracias al abandono estatal.<\/p>\n<p>En el 1998, se lleg\u00f3 a pactos, compromisos y negociaciones entre gobiernos nacional, departamental y municipal, y la comunidad, con el fin \u00fanico de que los campesinos regresaran a los municipios y albergues con la plena seguridad de que con la suscripci\u00f3n de documentos, convenios y acuerdos del momento se comenzar\u00eda a elaborar, gestar y formular el Plan de Desarrollo Integral y Paz para la Regi\u00f3n de El Catatumbo.<\/p>\n<p>Luego no entendemos c\u00f3mo si el gobierno departamental ha venido trabajando mancomunada y juiciosamente en la construcci\u00f3n y elaboraci\u00f3n de documentos, planes de desarrollo y proyectos contemplados en el Plan de Desarrollo Integral y Paz para la Regi\u00f3n del Catatumbo; el Gobierno \u00a0pretenda simplemente efectuar reuniones y ofrecimientos de subsidios que en nada alivian y mejoran la situaci\u00f3n triste y deplorable en la que se encuentra esta importante regi\u00f3n del Pa\u00eds.<\/p>\n<p>Es urgente e inaplazable que los nortesantandereanos nos unamos en un frente com\u00fan para exigir al Gobierno que cumpla los compromisos de anta\u00f1o, pues el Estado es uno solo y si se detectan fallas graves que deban ser corregidas, este tiene la obligaci\u00f3n de activar los mecanismos de institucionalidad que obliga a resolver, solucionar y solventar cualquier situaci\u00f3n de inmediato. \u2013 Simplemente es cuesti\u00f3n de voluntad.<\/p>\n<p>Es inadmisible que la semana pasada se haya citado a funcionarios del gobierno departamental a Presidencia de la Republica sin llegar a una soluci\u00f3n. Pero es m\u00e1s inaceptable que se cite informalmente a los campesinos de El Catatumbo a Palacio de Nari\u00f1o, seguramente, a perder el tiempo, pues no existen agenda, ni propuestas serias por parte del Gobierno, como lo manifest\u00f3 un l\u00edder de la marcha campesina a los medios de comunicaci\u00f3n: \u201c\u2026\u2026eso significa la poca importancia que le brinda el Gobierno a la problem\u00e1tica de la zona de El Catatumbo\u201d (C\u00e9sar Jer\u00e9z).<\/p>\n<p>Es importante para Norte de Santander, en especial para la regi\u00f3n de El Catatumbo, plantear soluciones teniendo en cuenta estrategias fundamentales que permitan alcanzar la generaci\u00f3n de empleo, el mejoramiento de la calidad de vida de los coterr\u00e1neos, la preservaci\u00f3n y el mejoramiento del medio ambiente, el aprovechamiento sostenible y sustentable de los recursos naturales, el desarrollo de proyectos de infraestructura necesaria que logre articular la regi\u00f3n tanto interna como externamente, etc\u00e9tera.<\/p>\n<p>Amanecer\u00e1 y veremos. Las soluciones deben plantearse teniendo en cuenta el Plan de Desarrollo Integral y Paz para la Regi\u00f3n de El Catatumbo, en el que est\u00e1n expuestos los problemas y las potencialidades de la regi\u00f3n, desarrollados en un trabajo de Planeaci\u00f3n Participativa como resultado de foros, reuniones, mesas de trabajo conformadas por entidades del departamento, municipios, comunidad, p\u00fablicas y privadas, que plasmaron en el documento el sentir, sue\u00f1os, realidades y necesidades de los habitantes de El Catatumbo.<\/p>\n<p><b>FRANCISCO AUGUSTO BERRIO M.<\/b><\/p>\n<p><b>Ex-Secretario de Planeaci\u00f3n Departamental<\/b><\/p>\n<p><b>Blog: http:\/\/faberrio.blogspot.com<\/b><\/p>\n<p><b>Twitter: @faberriom<\/b> <\/p>\n","protected":false},"excerpt":{"rendered":"<p>La regi\u00f3n de El Catatumbo (Norte de Santander), en el nororiente del pa\u00eds, est\u00e1 conformada por los municipios: \u00c1brego, Convenci\u00f3n, El Carmen, El Tarra, Hacar\u00ed, La Playa, Oca\u00f1a, San Calixto, Sardinata, Teorama y Tib\u00fa, que son, aproximadamente, el 50 por ciento del territorio departamental. Dicha regi\u00f3n tiene una riqueza incalculable e invaluable en recursos naturales, &hellip;<\/p>\n","protected":false},"author":1,"featured_media":18794,"comment_status":"open","ping_status":"open","sticky":false,"template":"","format":"standard","meta":{"footnotes":""},"categories":[14,4],"tags":[710,813],"class_list":["post-18793","post","type-post","status-publish","format-standard","has-post-thumbnail","hentry","category-articulistas","category-barra","tag-crisis-en-el-catatumbo","tag-fracisco-berrio-mogollon"],"_links":{"self":[{"href":"https:\/\/contraluzcucuta.co\/index.php?rest_route=\/wp\/v2\/posts\/18793","targetHints":{"allow":["GET"]}}],"collection":[{"href":"https:\/\/contraluzcucuta.co\/index.php?rest_route=\/wp\/v2\/posts"}],"about":[{"href":"https:\/\/contraluzcucuta.co\/index.php?rest_route=\/wp\/v2\/types\/post"}],"author":[{"embeddable":true,"href":"https:\/\/contraluzcucuta.co\/index.php?rest_route=\/wp\/v2\/users\/1"}],"replies":[{"embeddable":true,"href":"https:\/\/contraluzcucuta.co\/index.php?rest_route=%2Fwp%2Fv2%2Fcomments&post=18793"}],"version-history":[{"count":1,"href":"https:\/\/contraluzcucuta.co\/index.php?rest_route=\/wp\/v2\/posts\/18793\/revisions"}],"predecessor-version":[{"id":18795,"href":"https:\/\/contraluzcucuta.co\/index.php?rest_route=\/wp\/v2\/posts\/18793\/revisions\/18795"}],"wp:featuredmedia":[{"embeddable":true,"href":"https:\/\/contraluzcucuta.co\/index.php?rest_route=\/wp\/v2\/media\/18794"}],"wp:attachment":[{"href":"https:\/\/contraluzcucuta.co\/index.php?rest_route=%2Fwp%2Fv2%2Fmedia&parent=18793"}],"wp:term":[{"taxonomy":"category","embeddable":true,"href":"https:\/\/contraluzcucuta.co\/index.php?rest_route=%2Fwp%2Fv2%2Fcategories&post=18793"},{"taxonomy":"post_tag","embeddable":true,"href":"https:\/\/contraluzcucuta.co\/index.php?rest_route=%2Fwp%2Fv2%2Ftags&post=18793"}],"curies":[{"name":"wp","href":"https:\/\/api.w.org\/{rel}","templated":true}]}}