{"id":18784,"date":"2013-08-01T13:17:33","date_gmt":"2013-08-01T18:17:33","guid":{"rendered":"http:\/\/contraluzcucuta.co\/?p=18784"},"modified":"2013-08-01T13:17:33","modified_gmt":"2013-08-01T18:17:33","slug":"diputados-de-norte-de-santander-salieron-a-descanso","status":"publish","type":"post","link":"https:\/\/contraluzcucuta.co\/?p=18784","title":{"rendered":"Diputados de Norte de Santander salieron a &#8216;descanso&#8217;"},"content":{"rendered":"<p><b>C\u00daCUTA.-<\/b> Luego de cumplir con el trabajo correspondiente al segundo ciclo de sesiones ordinarias, los diputados de Norte de Santander salieron a descanso. Volver\u00e1n en noviembre para terminar el a\u00f1o de labores. Entre las iniciativas que deber\u00e1n estudiar est\u00e1 el presupuesto departamental para 2014.<\/p>\n<p>En las reuniones que concluyeron manejaron diversos temas de impacto:<\/p>\n<p>1.- La marcha campesina de El Catatumbo<\/p>\n<p>2.- La dif\u00edcil situaci\u00f3n de bloqueo vial que ha afectado a la regi\u00f3n<\/p>\n<p>3.- El foro en materia vial al que asistieron representantes de la Agencia Nacional de Infraestructura<\/p>\n<p>4.- Invitaci\u00f3n al gerente de Centrales El\u00e9ctricas-EPM, Alberto Rangel, para que disertara sobre la electrificaci\u00f3n rural y la inversi\u00f3n de $ 75.000 millones.<\/p>\n<p>5.- Invitaci\u00f3n a representantes de la arcilla y directores, gerentes y funcionarios del Fondo Adaptaci\u00f3n, Concesionaria San Sim\u00f3n, IDS, hospital universitario Erasmo Meoz y EPS.<\/p>\n<p>El presidente Francisco Bermont, en la intervenci\u00f3n de despedida de las labores, se refiri\u00f3 al paro en El Catatumbo. Dijo que el movimiento campesino ha trastocado el desarrollo de las acciones gubernativas de la administraci\u00f3n departamental y las 10 alcald\u00edas.<\/p>\n<p>Los nortesantandereanos, especialmente los habitantes de Tib\u00fa, han perdido las fuentes de trabajo, los productos y el diario vivir.<\/p>\n<p>La Asamblea, desde el inicio de la marcha, ha mantenido la posici\u00f3n de apoyo y acompa\u00f1amiento al gobernador Edgar D\u00edaz y a los alcaldes de la zona en su principio de gobernabilidad y en el que el di\u00e1logo es la salida a la crisis.<\/p>\n<p>En la reciente visita del presidente Juan Manuel Santos le hizo saber que El Catatumbo necesita inversi\u00f3n social real y efectiva. Como mecanismo eficiente ser\u00eda\u00a0 la declaratoria de la emergencia social y econ\u00f3mica del departamento, que permita impulsar obras en el periodo 2013-2014, en infraestructura, procesos agro-industriales, sustituci\u00f3n de cultivos il\u00edcitos, educaci\u00f3n y salud.<\/p>\n<p>\u201cComo diputados solicitamos al Gobierno buscar mecanismos ciertos y efectivos para reanudar los di\u00e1logos que permitan una soluci\u00f3n r\u00e1pida, sin bloqueos de v\u00edas y respuestas a las peticiones de los habitantes de El Catatumbo y Norte de Santander, que padece la peor crisis econ\u00f3mica\u201d, agreg\u00f3 Francisco Bermont.<\/p>\n<p>&nbsp;<\/p>\n<p>&nbsp; <\/p>\n","protected":false},"excerpt":{"rendered":"<p>C\u00daCUTA.- Luego de cumplir con el trabajo correspondiente al segundo ciclo de sesiones ordinarias, los diputados de Norte de Santander salieron a descanso. Volver\u00e1n en noviembre para terminar el a\u00f1o de labores. Entre las iniciativas que deber\u00e1n estudiar est\u00e1 el presupuesto departamental para 2014. En las reuniones que concluyeron manejaron diversos temas de impacto: 1.- &hellip;<\/p>\n","protected":false},"author":1,"featured_media":18785,"comment_status":"open","ping_status":"open","sticky":false,"template":"","format":"standard","meta":{"footnotes":""},"categories":[9,32],"tags":[688],"class_list":["post-18784","post","type-post","status-publish","format-standard","has-post-thumbnail","hentry","category-politica","category-recorrido-por-la-region","tag-asamblea-de-norte-de-santander"],"_links":{"self":[{"href":"https:\/\/contraluzcucuta.co\/index.php?rest_route=\/wp\/v2\/posts\/18784","targetHints":{"allow":["GET"]}}],"collection":[{"href":"https:\/\/contraluzcucuta.co\/index.php?rest_route=\/wp\/v2\/posts"}],"about":[{"href":"https:\/\/contraluzcucuta.co\/index.php?rest_route=\/wp\/v2\/types\/post"}],"author":[{"embeddable":true,"href":"https:\/\/contraluzcucuta.co\/index.php?rest_route=\/wp\/v2\/users\/1"}],"replies":[{"embeddable":true,"href":"https:\/\/contraluzcucuta.co\/index.php?rest_route=%2Fwp%2Fv2%2Fcomments&post=18784"}],"version-history":[{"count":1,"href":"https:\/\/contraluzcucuta.co\/index.php?rest_route=\/wp\/v2\/posts\/18784\/revisions"}],"predecessor-version":[{"id":18786,"href":"https:\/\/contraluzcucuta.co\/index.php?rest_route=\/wp\/v2\/posts\/18784\/revisions\/18786"}],"wp:featuredmedia":[{"embeddable":true,"href":"https:\/\/contraluzcucuta.co\/index.php?rest_route=\/wp\/v2\/media\/18785"}],"wp:attachment":[{"href":"https:\/\/contraluzcucuta.co\/index.php?rest_route=%2Fwp%2Fv2%2Fmedia&parent=18784"}],"wp:term":[{"taxonomy":"category","embeddable":true,"href":"https:\/\/contraluzcucuta.co\/index.php?rest_route=%2Fwp%2Fv2%2Fcategories&post=18784"},{"taxonomy":"post_tag","embeddable":true,"href":"https:\/\/contraluzcucuta.co\/index.php?rest_route=%2Fwp%2Fv2%2Ftags&post=18784"}],"curies":[{"name":"wp","href":"https:\/\/api.w.org\/{rel}","templated":true}]}}