{"id":18734,"date":"2013-07-28T18:46:12","date_gmt":"2013-07-28T23:46:12","guid":{"rendered":"http:\/\/contraluzcucuta.co\/?p=18734"},"modified":"2013-07-28T18:46:12","modified_gmt":"2013-07-28T23:46:12","slug":"los-perros-callejeros-tienen-su-dia","status":"publish","type":"post","link":"https:\/\/contraluzcucuta.co\/?p=18734","title":{"rendered":"Los perros callejeros tienen su d\u00eda"},"content":{"rendered":"<p>Pensando en todos los perros abandonados, sin &#8220;due\u00f1o&#8221; ni destino cierto. Pensando en esos perros sin nombre, an\u00f3nimos y ajenos. En los vagabundos de mirada perdida, en los apaleados, en los hambrientos, en los enfermos que sobrviven porque su instinto es vida. Pensando en todos ellos se cre\u00f3 &#8220;el D\u00eda Internacional del Perro Callejero&#8221;. La celebraci\u00f3n\u00a0fue el 27 de julio.<\/p>\n<p>Diario de un perro<\/p>\n<p><b>Primera semana.<\/b><\/p>\n<p>Hoy cumpl\u00ed una semana de nacido, \u00a1Qu\u00e9 alegr\u00eda haber llegado a este mundo.<\/p>\n<p><b>Primer mes. <\/b><\/p>\n<p>Mi mam\u00e1 me cuida bien. Es una mam\u00e1 ejemplar.<\/p>\n<p><b>Segundo mes. <\/b><\/p>\n<p>Hoy me separaron de mi mam\u00e1. Estaba inquieta y con sus ojos vidriosos, me dijo adi\u00f3s. Esperando que mi nueva &#8220;familia humana&#8221; me cuidar\u00e1 tan bien como ella lo hab\u00eda hecho.<\/p>\n<p><b>Cuarto mes.<\/b><\/p>\n<p>He crecido r\u00e1pido. Todo me llama la atenci\u00f3n. Hay varios ni\u00f1os en la casa que para m\u00ed son como &#8220;hermanitos&#8221;. Somos inquietos, ellos me jalan la cola y yo los muerdo jugando.<\/p>\n<p><b>Quinto mes.<\/b><\/p>\n<p>Hoy me rega\u00f1aron. Mi ama se molest\u00f3 porque me hice pipi dentro de la casa. Nunca me hab\u00edan dicho d\u00f3nde debo hacerlo. Adem\u00e1s, duermo en la recamara&#8230; \u00a1No me aguantaba!<\/p>\n<p><b>Octavo mes.<\/b><\/p>\n<p>Soy un perro feliz. Tengo el calor de un hogar. Me siento tan seguro, tan protegido. Creo que mi familia humana me quiere y me consiente. Cuando est\u00e1n comiendo me convidan. El patio es para m\u00ed solito y me doy vuelo escarbando como mis antepasados los lobos, cuando escond\u00edan la comida. Nunca me educan. Ha de estar bien todo lo que hago.<\/p>\n<p><b>12 meses.<\/b><\/p>\n<p>Hoy cumpl\u00ed un a\u00f1o. Soy un perro adulto. Mis amos dicen que crec\u00ed m\u00e1s de lo que ellos pensaban. Qu\u00e9 orgullosos deben sentirse de m\u00ed.<\/p>\n<p><b>13 meses. <\/b><\/p>\n<p>Qu\u00e9 mal me sent\u00ed hoy. Mi &#8220;hermanito&#8221; me quit\u00f3 la pelota. Nunca agarro sus juguetes. As\u00ed que se la quit\u00e9. Mis mand\u00edbulas se han hecho fuertes y lo lastim\u00e9 sin querer. Despu\u00e9s del susto, me encadenaron casi sin poderme mover. Dicen que van a tenerme en observaci\u00f3n y que soy ingrato. No entiendo nada de lo que pasa.<\/p>\n<p><b>15 meses.<\/b><\/p>\n<p>Nada es igual&#8230; vivo en la azotea. Me siento solo. Mi familia no me quiere. A veces se les olvida que tengo hambre y sed. Cuando llueve no tengo techo que me cobije.<\/p>\n<p><b>16 meses.<\/b><\/p>\n<p>Hoy me bajaron de la azotea. De seguro mi familia me perdon\u00f3 y me puse tan contento que daba saltos de gusto. Mi rabo parec\u00eda un abanico. Encima de eso, me van a llevar con ellos de paseo. Nos enfilamos hacia la carretera y de repente se pararon. Abrieron la puerta y me baj\u00e9 feliz, creyendo que har\u00edamos nuestro &#8220;d\u00eda de campo&#8221;. No comprendo por qu\u00e9 cerraron la puerta y se fueron.<\/p>\n<p>&#8211;\u00a0\u00a0\u00a0\u00a0\u00a0\u00a0\u00a0\u00a0 &#8220;\u00a1Oigan, esperen!&#8221; \u2013 ladr\u00e9 &#8211; se olvidan de m\u00ed. Corr\u00ed detr\u00e1s del carro con todas mis fuerzas. Mi angustia crec\u00eda al darme cuenta, que casi me desvanec\u00eda y ellos no se detendr\u00edan. Me hab\u00edan olvidado.<\/p>\n<p><b>17 meses.<\/b><\/p>\n<p>He tratado en vano de buscar el camino de regreso a casa. Me siento solo y estoy perdido. En mi sendero hay gente de buen coraz\u00f3n que me ve con tristeza y me da algo de comer. Les agradezco con mi mirada y desde el fondo con mi alma. Quisiera que me adoptaran y ser\u00eda leal como ninguno. Pero solo dicen &#8220;pobre perrito&#8221;, se ha de haber perdido.<\/p>\n<p><b>18 meses.<\/b><\/p>\n<p>El otro d\u00eda pas\u00e9 por una escuela y vi a muchos ni\u00f1os y j\u00f3venes como mis &#8220;hermanitos&#8221;. Me acerqu\u00e9 y un grupo de ellos, ri\u00e9ndose, me lanzo una lluvia de piedras &#8220;a ver qui\u00e9n ten\u00eda mejor punter\u00eda&#8221;. Una de esas piedras me lastimo el ojo y desde entonces no veo.<\/p>\n<p><b>19 meses.<\/b><\/p>\n<p>Parece mentira. Cuando estaba m\u00e1s bonito se compadec\u00edan m\u00e1s de m\u00ed. Estoy flaco. Mi aspecto ha cambiado. Perd\u00ed mi ojo y la gente me saca a escobazos cuando pretendo echarme en una peque\u00f1a sombra.<\/p>\n<p><b>20 meses.<\/b><\/p>\n<p>Casi no puedo moverme. Hoy, al tratar de cruzar la calle por donde pasan los carros, uno me arroll\u00f3. Seg\u00fan yo, estaba en un lugar seguro llamado &#8220;cuneta&#8221;, pero nunca olvidar\u00e9 la mirada de satisfacci\u00f3n del conductor, que hasta se lade\u00f3 con tal de centrarme. Ojala me hubiera matado, pero solo me disloc\u00f3 la cadera. El dolor es terrible, mis patas traseras no me responden y con dificultades me arrastr\u00e9 hacia un poco de hierba a la orilla del camino.<\/p>\n<p>Tengo 10 d\u00edas bajo el sol, la lluvia, el fr\u00edo, sin comer. No me puedo mover. El dolor es insoportable. Me siento mal. Qued\u00e9 en un lugar h\u00famedo y parece que hasta mi pelo se est\u00e1 cayendo. Alguna gente pasa y ni me ve. Otras, dicen: &#8220;No te acerques&#8221;. Ya casi estoy inconsciente. Alguna fuerza extra\u00f1a me hizo abrir los ojos. La dulzura de una voz me hizo reaccionar. &#8220;Pobre perrito, mira c\u00f3mo te han dejado&#8221;, dec\u00eda. Junto a ella ven\u00eda un se\u00f1or de bata blanca, empez\u00f3 a tocarme y dijo: &#8220;Lo siento se\u00f1ora, pero este perro no tiene remedio, es mejor que deje de sufrir\u201d.<\/p>\n<p>A la gentil dama se le salieron las l\u00e1grimas y asinti\u00f3. Como pude, mov\u00ed el rabo y la mir\u00e9 agradeci\u00e9ndole me ayudara a descansar. Solo sent\u00ed el piquete de la inyecci\u00f3n y me dorm\u00ed para siempre pensando en por qu\u00e9 tuve que nacer si nadie me iba a querer.<b> <\/b>La soluci\u00f3n no es echar un perro a la calle, sino educarlo. No conviertas en problema una grata compa\u00f1\u00eda. Ayuda a hacer conciencia y as\u00ed acabar con el problema de los perros callejeros.<\/p>\n<p>ENVIADO POR INTERNET<\/p>\n<p>&nbsp; <\/p>\n","protected":false},"excerpt":{"rendered":"<p>Pensando en todos los perros abandonados, sin &#8220;due\u00f1o&#8221; ni destino cierto. Pensando en esos perros sin nombre, an\u00f3nimos y ajenos. En los vagabundos de mirada perdida, en los apaleados, en los hambrientos, en los enfermos que sobrviven porque su instinto es vida. Pensando en todos ellos se cre\u00f3 &#8220;el D\u00eda Internacional del Perro Callejero&#8221;. La &hellip;<\/p>\n","protected":false},"author":1,"featured_media":18736,"comment_status":"open","ping_status":"open","sticky":false,"template":"","format":"standard","meta":{"footnotes":""},"categories":[17,4],"tags":[804],"class_list":["post-18734","post","type-post","status-publish","format-standard","has-post-thumbnail","hentry","category-conversaciones-a-contraluz","category-barra","tag-dia-internacional-del-perro-callejero"],"_links":{"self":[{"href":"https:\/\/contraluzcucuta.co\/index.php?rest_route=\/wp\/v2\/posts\/18734","targetHints":{"allow":["GET"]}}],"collection":[{"href":"https:\/\/contraluzcucuta.co\/index.php?rest_route=\/wp\/v2\/posts"}],"about":[{"href":"https:\/\/contraluzcucuta.co\/index.php?rest_route=\/wp\/v2\/types\/post"}],"author":[{"embeddable":true,"href":"https:\/\/contraluzcucuta.co\/index.php?rest_route=\/wp\/v2\/users\/1"}],"replies":[{"embeddable":true,"href":"https:\/\/contraluzcucuta.co\/index.php?rest_route=%2Fwp%2Fv2%2Fcomments&post=18734"}],"version-history":[{"count":1,"href":"https:\/\/contraluzcucuta.co\/index.php?rest_route=\/wp\/v2\/posts\/18734\/revisions"}],"predecessor-version":[{"id":18737,"href":"https:\/\/contraluzcucuta.co\/index.php?rest_route=\/wp\/v2\/posts\/18734\/revisions\/18737"}],"wp:featuredmedia":[{"embeddable":true,"href":"https:\/\/contraluzcucuta.co\/index.php?rest_route=\/wp\/v2\/media\/18736"}],"wp:attachment":[{"href":"https:\/\/contraluzcucuta.co\/index.php?rest_route=%2Fwp%2Fv2%2Fmedia&parent=18734"}],"wp:term":[{"taxonomy":"category","embeddable":true,"href":"https:\/\/contraluzcucuta.co\/index.php?rest_route=%2Fwp%2Fv2%2Fcategories&post=18734"},{"taxonomy":"post_tag","embeddable":true,"href":"https:\/\/contraluzcucuta.co\/index.php?rest_route=%2Fwp%2Fv2%2Ftags&post=18734"}],"curies":[{"name":"wp","href":"https:\/\/api.w.org\/{rel}","templated":true}]}}