{"id":18721,"date":"2013-07-28T17:00:57","date_gmt":"2013-07-28T22:00:57","guid":{"rendered":"http:\/\/contraluzcucuta.co\/?p=18721"},"modified":"2013-07-28T17:00:57","modified_gmt":"2013-07-28T22:00:57","slug":"el-todo-se-forma-con-la-presencia-y-la-participacion-de-todos","status":"publish","type":"post","link":"https:\/\/contraluzcucuta.co\/?p=18721","title":{"rendered":"El todo se forma con la presencia y la participaci\u00f3n de todos"},"content":{"rendered":"<p>1.-Definitivamente, as\u00ed como la vida no es una l\u00ednea recta, en los niveles de direcci\u00f3n y comando, y por tratar de vivir solo lo actual, se olvidan de lo principal y de las prioridades que abren trocha y pueden dar soluciones a los acoses y quejas de los problemas existentes.<\/p>\n<p>Eso lo registramos y contemplamos con preocupaci\u00f3n con motivo de la reciente visita del presidente <a href=\"http:\/\/www.presidencia.gov.co\/\">Juan Manuel Santos<\/a> a la regi\u00f3n y por la desatenci\u00f3n que hubo con el sector privado para la presentaci\u00f3n y an\u00e1lisis de las situaciones y opciones que el Ejecutivo debe conocer, dadas las caracter\u00edsticas y las condiciones que predominan en esta faja territorial y sus implicaciones en lo fronterizo y\u00a0 binacional, para cuya implementaci\u00f3n se\u00a0 requiere no solo la concertaci\u00f3n y el compromiso evaluativo sino el desarrollo\u00a0 de aut\u00e9nticas y ejemplarizantes pol\u00edticas de Estado, con las cuales la regi\u00f3n y sus gentes proyecten nuevos y din\u00e1micos prospectos, generadores de empleo, ahorro y progreso general.<\/p>\n<p>2.- Y lo indicamos, porque viene haciendo carrera una especie de gesti\u00f3n e informaci\u00f3n que se sinteriza en una especie de \u2018S\u00e1lvese quien pueda\u2019, porque la representaci\u00f3n latiente, y por ello actuante, del sector privado en sus diversos campos, ramos y actividades no se\u00a0 convoca ni se tiene en cuenta en la valoraci\u00f3n y formulaci\u00f3n de planteamientos b\u00e1sicos y estructurales, que ameritan y exigen un tratamiento urgente y acorde con las necesidades y las proyecciones de lo que se plantea y ans\u00eda.<\/p>\n<p>3.- Esto no debe continuar, porque si algo falta es \u00a0presencia, participaci\u00f3n, uni\u00f3n y labor coordinada y en equipo, en todas las actividades. Adem\u00e1s, solo obtendremos identidad y sentido de pertenencia cuando la representatividad y descentralizaci\u00f3n de funciones se cumpla con los m\u00e1s capaces y entendidos para abrir compuertas y oportunidades al acierto.<\/p>\n<p>Ojal\u00e1, esto lo comprendan quienes sienten la proximidad de las <a href=\"http:\/\/www.votebien.com\/\">elecciones<\/a> y bien saben que la regi\u00f3n \u2013por el abandono y el marginamiento en lo esencial &#8211; experimenta inocultables deseos de trasformaci\u00f3n y de cambio.<\/p>\n<p><b>JOS\u00c9 NEIRA REY\u00a0 <\/b><\/p>\n<p><a href=\"mailto:jneirarey@hotmail.com\">jneirarey@hotmail.com<\/a><\/p>\n<p><b>Notas al margen<\/b><\/p>\n<p>&nbsp; <\/p>\n","protected":false},"excerpt":{"rendered":"<p>1.-Definitivamente, as\u00ed como la vida no es una l\u00ednea recta, en los niveles de direcci\u00f3n y comando, y por tratar de vivir solo lo actual, se olvidan de lo principal y de las prioridades que abren trocha y pueden dar soluciones a los acoses y quejas de los problemas existentes. Eso lo registramos y contemplamos &hellip;<\/p>\n","protected":false},"author":1,"featured_media":18722,"comment_status":"open","ping_status":"open","sticky":false,"template":"","format":"standard","meta":{"footnotes":""},"categories":[14,4],"tags":[303],"class_list":["post-18721","post","type-post","status-publish","format-standard","has-post-thumbnail","hentry","category-articulistas","category-barra","tag-jose-neira-rey"],"_links":{"self":[{"href":"https:\/\/contraluzcucuta.co\/index.php?rest_route=\/wp\/v2\/posts\/18721","targetHints":{"allow":["GET"]}}],"collection":[{"href":"https:\/\/contraluzcucuta.co\/index.php?rest_route=\/wp\/v2\/posts"}],"about":[{"href":"https:\/\/contraluzcucuta.co\/index.php?rest_route=\/wp\/v2\/types\/post"}],"author":[{"embeddable":true,"href":"https:\/\/contraluzcucuta.co\/index.php?rest_route=\/wp\/v2\/users\/1"}],"replies":[{"embeddable":true,"href":"https:\/\/contraluzcucuta.co\/index.php?rest_route=%2Fwp%2Fv2%2Fcomments&post=18721"}],"version-history":[{"count":1,"href":"https:\/\/contraluzcucuta.co\/index.php?rest_route=\/wp\/v2\/posts\/18721\/revisions"}],"predecessor-version":[{"id":18723,"href":"https:\/\/contraluzcucuta.co\/index.php?rest_route=\/wp\/v2\/posts\/18721\/revisions\/18723"}],"wp:featuredmedia":[{"embeddable":true,"href":"https:\/\/contraluzcucuta.co\/index.php?rest_route=\/wp\/v2\/media\/18722"}],"wp:attachment":[{"href":"https:\/\/contraluzcucuta.co\/index.php?rest_route=%2Fwp%2Fv2%2Fmedia&parent=18721"}],"wp:term":[{"taxonomy":"category","embeddable":true,"href":"https:\/\/contraluzcucuta.co\/index.php?rest_route=%2Fwp%2Fv2%2Fcategories&post=18721"},{"taxonomy":"post_tag","embeddable":true,"href":"https:\/\/contraluzcucuta.co\/index.php?rest_route=%2Fwp%2Fv2%2Ftags&post=18721"}],"curies":[{"name":"wp","href":"https:\/\/api.w.org\/{rel}","templated":true}]}}