{"id":18718,"date":"2013-07-28T16:43:58","date_gmt":"2013-07-28T21:43:58","guid":{"rendered":"http:\/\/contraluzcucuta.co\/?p=18718"},"modified":"2013-07-28T16:43:58","modified_gmt":"2013-07-28T21:43:58","slug":"inaugurados-segundos-juegos-comunales-fase-municipal","status":"publish","type":"post","link":"https:\/\/contraluzcucuta.co\/?p=18718","title":{"rendered":"Inaugurados Segundos Juegos Comunales, fase municipal"},"content":{"rendered":"<p><b>C\u00daCUTA.-<\/b> El desfile de representantes de las comunas urbanas y rurales, acompa\u00f1ados de las bandas marciales de la Polic\u00eda \u00a0y el colegio Luis Carlos Gal\u00e1n, abri\u00f3 los Segundos Juegos Intercomunales, fase municipal 2013.<\/p>\n<p>El recorrido inici\u00f3 en la Plaza de Banderas y lleg\u00f3 al coliseo Toto Hern\u00e1ndez, donde juraron que tendr\u00e1n buen comportamiento en las competencias. Los equipos estuvieron engalanados con las madrinas, que recibieron regalos y sorpresas. El acto fue amenizado por danzas rurales y artistas criollos.<\/p>\n<p>El alcalde Donamaris Ram\u00edrez reiter\u00f3 el compromiso de la administraci\u00f3n municipal con el sector comunal, al que el gobierno cucute\u00f1o ha llegado con obras de infraestructura para mejorar las condiciones de vida.<\/p>\n<p>\u201cEs importante apoyar este tipo de actividades, porque as\u00ed nos sentiremos m\u00e1s unidos la administraci\u00f3n y los comunales por medio del deporte, que es tan esencial para llevar una vida sana\u201d, dijo el Alcalde.<\/p>\n<p>Los deportistas, mediante apoyo del Instituto Municipal para la Recreaci\u00f3n y el Deporte (IMRD), recibieron los uniformes que los distinguir\u00e1n durante las competencias en f\u00fatbol, f\u00fatbol de sal\u00f3n, baloncesto, atletismo, ajedrez, tejo, minitejo, rana, trompo y domin\u00f3.<\/p>\n<p>El baloncesto, f\u00fatbol y f\u00fatbol de sal\u00f3n se disputar\u00e1n en el Instituto Nacional Jos\u00e9 Eusebio Caro (Inem).<\/p>\n<p>&nbsp; <\/p>\n","protected":false},"excerpt":{"rendered":"<p>C\u00daCUTA.- El desfile de representantes de las comunas urbanas y rurales, acompa\u00f1ados de las bandas marciales de la Polic\u00eda \u00a0y el colegio Luis Carlos Gal\u00e1n, abri\u00f3 los Segundos Juegos Intercomunales, fase municipal 2013. El recorrido inici\u00f3 en la Plaza de Banderas y lleg\u00f3 al coliseo Toto Hern\u00e1ndez, donde juraron que tendr\u00e1n buen comportamiento en las &hellip;<\/p>\n","protected":false},"author":1,"featured_media":18719,"comment_status":"open","ping_status":"open","sticky":false,"template":"","format":"standard","meta":{"footnotes":""},"categories":[28],"tags":[800],"class_list":["post-18718","post","type-post","status-publish","format-standard","has-post-thumbnail","hentry","category-vistazo-deportivo","tag-juegos-comunales"],"_links":{"self":[{"href":"https:\/\/contraluzcucuta.co\/index.php?rest_route=\/wp\/v2\/posts\/18718","targetHints":{"allow":["GET"]}}],"collection":[{"href":"https:\/\/contraluzcucuta.co\/index.php?rest_route=\/wp\/v2\/posts"}],"about":[{"href":"https:\/\/contraluzcucuta.co\/index.php?rest_route=\/wp\/v2\/types\/post"}],"author":[{"embeddable":true,"href":"https:\/\/contraluzcucuta.co\/index.php?rest_route=\/wp\/v2\/users\/1"}],"replies":[{"embeddable":true,"href":"https:\/\/contraluzcucuta.co\/index.php?rest_route=%2Fwp%2Fv2%2Fcomments&post=18718"}],"version-history":[{"count":1,"href":"https:\/\/contraluzcucuta.co\/index.php?rest_route=\/wp\/v2\/posts\/18718\/revisions"}],"predecessor-version":[{"id":18720,"href":"https:\/\/contraluzcucuta.co\/index.php?rest_route=\/wp\/v2\/posts\/18718\/revisions\/18720"}],"wp:featuredmedia":[{"embeddable":true,"href":"https:\/\/contraluzcucuta.co\/index.php?rest_route=\/wp\/v2\/media\/18719"}],"wp:attachment":[{"href":"https:\/\/contraluzcucuta.co\/index.php?rest_route=%2Fwp%2Fv2%2Fmedia&parent=18718"}],"wp:term":[{"taxonomy":"category","embeddable":true,"href":"https:\/\/contraluzcucuta.co\/index.php?rest_route=%2Fwp%2Fv2%2Fcategories&post=18718"},{"taxonomy":"post_tag","embeddable":true,"href":"https:\/\/contraluzcucuta.co\/index.php?rest_route=%2Fwp%2Fv2%2Ftags&post=18718"}],"curies":[{"name":"wp","href":"https:\/\/api.w.org\/{rel}","templated":true}]}}