{"id":18715,"date":"2013-07-28T09:39:18","date_gmt":"2013-07-28T14:39:18","guid":{"rendered":"http:\/\/contraluzcucuta.co\/?p=18715"},"modified":"2013-07-28T09:39:18","modified_gmt":"2013-07-28T14:39:18","slug":"36-matrimonios-colectivos-en-cucuta","status":"publish","type":"post","link":"https:\/\/contraluzcucuta.co\/?p=18715","title":{"rendered":"36 matrimonios colectivos, en C\u00facuta"},"content":{"rendered":"<p><b>C\u00daCUTA.-<\/b> Treintais\u00e9is parejas respondieron \u2018s\u00ed\u2019 al contraer matrimonio, en la catedral de San Jos\u00e9. La ceremonia se cumpli\u00f3 en C\u00facuta, este fin de semana, justo cuando en Bogot\u00e1 se organiz\u00f3 un acto de uni\u00f3n homosexual y en el pa\u00eds se debaten los derechos de esa poblaci\u00f3n.<\/p>\n<p>M\u00fasica, sonrisas nerviosas,\u00a0 rosas, orqu\u00eddeas y otros tipos de flores dieron color y calidez a la ceremonia, concelebrada por un grupo de sacerdotes diocesanos.<\/p>\n<p>\u201cDios los hizo hombre y mujer\u201d, les record\u00f3 el <a href=\"http:\/\/www.diocesisdecucuta.com\/\">obispo de C\u00facuta<\/a>, monse\u00f1or Julio C\u00e9sar Vidal Ortiz, durante la celebraci\u00f3n eucar\u00edstica. El Congreso de la Rep\u00fablica tuvo duras jornadas de discusi\u00f3n acerca de la posibilidad de legalizar y formalizar la vida en pareja de personas del mismo sexo.<\/p>\n<p>\u201cUstedes, queridas parejas, est\u00e1n llamadas a ser signo y fermento en un mundo que se ha apartado de Dios, un mundo decadente (\u2026) Al estar aqu\u00ed, han obedecido una ley natural\u201d, dijo el prelado.<\/p>\n<p>Ahora, los exhort\u00f3, conformar\u00e1n una familia, c\u00e9dula de la sociedad, que no podr\u00eda existir sin la uni\u00f3n de un hombre y una mujer. \u201cSin verdaderas familias no habr\u00eda sociedad\u201d, afirm\u00f3 en clara oposici\u00f3n a la conformaci\u00f3n de hogares entre mujeres o entre hombre.<\/p>\n<p>En la homil\u00eda inst\u00f3 a los nuevos esposos a proponerse hacer feliz a la pareja. \u201cLo \u00fanico que Dios les pide es que se amen\u201d.<\/p>\n<p>Los matrimonios colectivos, hacen parte del conjunto de acciones pastorales que se adelantan\u00a0 en esta Iglesia Particular con\u00a0 motivo del A\u00f1o de la Fe, convocado por el papa em\u00e9rito <a href=\"https:\/\/es.wikipedia.org\/wiki\/Benedicto_XVI\u200e\">Benedicto XVI.<\/a><\/p>\n<p>&nbsp;<\/p>\n<p>&nbsp; <\/p>\n","protected":false},"excerpt":{"rendered":"<p>C\u00daCUTA.- Treintais\u00e9is parejas respondieron \u2018s\u00ed\u2019 al contraer matrimonio, en la catedral de San Jos\u00e9. La ceremonia se cumpli\u00f3 en C\u00facuta, este fin de semana, justo cuando en Bogot\u00e1 se organiz\u00f3 un acto de uni\u00f3n homosexual y en el pa\u00eds se debaten los derechos de esa poblaci\u00f3n. M\u00fasica, sonrisas nerviosas,\u00a0 rosas, orqu\u00eddeas y otros tipos de &hellip;<\/p>\n","protected":false},"author":1,"featured_media":18716,"comment_status":"open","ping_status":"open","sticky":false,"template":"","format":"standard","meta":{"footnotes":""},"categories":[36],"tags":[8,799],"class_list":["post-18715","post","type-post","status-publish","format-standard","has-post-thumbnail","hentry","category-la-voz-del-pueblo","tag-diocesis-de-cucuta","tag-matrimonios-coelctivos"],"_links":{"self":[{"href":"https:\/\/contraluzcucuta.co\/index.php?rest_route=\/wp\/v2\/posts\/18715","targetHints":{"allow":["GET"]}}],"collection":[{"href":"https:\/\/contraluzcucuta.co\/index.php?rest_route=\/wp\/v2\/posts"}],"about":[{"href":"https:\/\/contraluzcucuta.co\/index.php?rest_route=\/wp\/v2\/types\/post"}],"author":[{"embeddable":true,"href":"https:\/\/contraluzcucuta.co\/index.php?rest_route=\/wp\/v2\/users\/1"}],"replies":[{"embeddable":true,"href":"https:\/\/contraluzcucuta.co\/index.php?rest_route=%2Fwp%2Fv2%2Fcomments&post=18715"}],"version-history":[{"count":1,"href":"https:\/\/contraluzcucuta.co\/index.php?rest_route=\/wp\/v2\/posts\/18715\/revisions"}],"predecessor-version":[{"id":18717,"href":"https:\/\/contraluzcucuta.co\/index.php?rest_route=\/wp\/v2\/posts\/18715\/revisions\/18717"}],"wp:featuredmedia":[{"embeddable":true,"href":"https:\/\/contraluzcucuta.co\/index.php?rest_route=\/wp\/v2\/media\/18716"}],"wp:attachment":[{"href":"https:\/\/contraluzcucuta.co\/index.php?rest_route=%2Fwp%2Fv2%2Fmedia&parent=18715"}],"wp:term":[{"taxonomy":"category","embeddable":true,"href":"https:\/\/contraluzcucuta.co\/index.php?rest_route=%2Fwp%2Fv2%2Fcategories&post=18715"},{"taxonomy":"post_tag","embeddable":true,"href":"https:\/\/contraluzcucuta.co\/index.php?rest_route=%2Fwp%2Fv2%2Ftags&post=18715"}],"curies":[{"name":"wp","href":"https:\/\/api.w.org\/{rel}","templated":true}]}}