{"id":18699,"date":"2013-07-26T16:59:38","date_gmt":"2013-07-26T21:59:38","guid":{"rendered":"http:\/\/contraluzcucuta.co\/?p=18699"},"modified":"2013-07-26T16:59:38","modified_gmt":"2013-07-26T21:59:38","slug":"visita-presidencial-de-juanma-a-juanca","status":"publish","type":"post","link":"https:\/\/contraluzcucuta.co\/?p=18699","title":{"rendered":"Visita presidencial. De Juanma a Juanca"},"content":{"rendered":"<p><b>C\u00daCUTA.-<\/b> Desparpajado, relajado y dicharachero, as\u00ed se mostr\u00f3 el padre Juan Carlos Calder\u00f3n, p\u00e1rroco de la Catedral de San Jos\u00e9, al dirigir la bendici\u00f3n de del proyecto habitacional Estoraques, en C\u00facuta. En primera fila destacaba el presidente Juan Manuel Santos y buena parte de la comitiva que lo acompa\u00f1\u00f3 en la visita a la ciudad.<\/p>\n<p>Al mandatario, sin ruborizarse, lo llam\u00f3 \u201cJuanma\u201d. El aludido respondi\u00f3 con una leve sonrisa a la ocurrencia del sacerdote, mientras el auditorio estallaba en carcajadas.<\/p>\n<p>La familiaridad en el trato tampoco provoc\u00f3 asombro entre el p\u00fablico, porque los fieles cat\u00f3licos saben de las locuras de Calder\u00f3n en el p\u00falpito y de la locuacidad con que predica.<\/p>\n<p>Ninguno hizo la relaci\u00f3n de apellidos ni menos se puso a pensar si son amigos desde la infancia, la \u00e9poca colegial o el paso por la universidad. En Presidente fue educado en la Escuela Naval y el sacerdote recibi\u00f3 la formaci\u00f3n en el seminario, por lo que no pudieron compartir pupitre, sal\u00f3n o tablero.<\/p>\n<p>Juan Carlos no se ahorr\u00f3 en elogios para con el gobernante y cont\u00f3 una an\u00e9cdota que no borr\u00f3 la sonrisa del visitante. De acuerdo con el relato del religioso, \u2018El Mono\u2019 de los Santos estaba predestinado para ser Presidente y as\u00ed se cumpli\u00f3 la voluntad del padre, el t\u00edo y los dem\u00e1s familiares.<\/p>\n<p>El p\u00fablico, compuesto por hombres y mujeres expectantes por tener un techo seguro y propio, respondi\u00f3 con risas a las ocurrencias del predicador, que record\u00f3 el pasaje b\u00edblico del Buen Samaritano y as\u00ed llam\u00f3 a Juan Manuel Santos.<\/p>\n<p>En lenguaje coloquial dijo que las obras quitan pecados. En consecuencia, la entrega de las viviendas limpiar\u00e1 de algunas faltas (veniales, quiz\u00e1s) al Presidente, ministros, exministros, Gobernador, Alcalde y congresistas asistentes.<\/p>\n<p>\u201cGracias, Juanma\u201d, dijo el padre Calder\u00f3n, bendijo el agua y la esparci\u00f3 entre los ocupantes de las primeras filas. Termin\u00f3 la oraci\u00f3n y corri\u00f3 a cumplir con otro compromiso para salvar otras almas.<\/p>\n<p>El presidente Juan Manuel Santos, al t\u00e9rmino de la intervenci\u00f3n de entrega de t\u00edtulos, busc\u00f3 al sacerdote, lo llam\u00f3 por su nombre y no encontr\u00f3 respuesta. \u201cDe Juanma para Juanca\u201d, dijo el mandatario y lo admiti\u00f3, moment\u00e1neamente, en la familia por la relaci\u00f3n del apellido Calder\u00f3n.<\/p>\n<p>La gente disfrut\u00f3 con este coloquial cruce de palabras, demostraci\u00f3n de amabilidad y afabilidad entre dos personajes que, tal vez, no vuelvan a encontrarse en el camino terrenal.<\/p>\n<p><b>RAFAEL ANTONIO PAB\u00d3N<\/b><\/p>\n<p><a href=\"mailto:rafaelpabon58@hotmail.com\">rafaelpabon58@hotmail.com<\/a><\/p>\n<p>&nbsp; <\/p>\n","protected":false},"excerpt":{"rendered":"<p>C\u00daCUTA.- Desparpajado, relajado y dicharachero, as\u00ed se mostr\u00f3 el padre Juan Carlos Calder\u00f3n, p\u00e1rroco de la Catedral de San Jos\u00e9, al dirigir la bendici\u00f3n de del proyecto habitacional Estoraques, en C\u00facuta. En primera fila destacaba el presidente Juan Manuel Santos y buena parte de la comitiva que lo acompa\u00f1\u00f3 en la visita a la ciudad. &hellip;<\/p>\n","protected":false},"author":1,"featured_media":18700,"comment_status":"open","ping_status":"open","sticky":false,"template":"","format":"standard","meta":{"footnotes":""},"categories":[10,4],"tags":[798,324],"class_list":["post-18699","post","type-post","status-publish","format-standard","has-post-thumbnail","hentry","category-cronicas","category-barra","tag-juan-carlos-calderon","tag-juan-manuel-santos"],"_links":{"self":[{"href":"https:\/\/contraluzcucuta.co\/index.php?rest_route=\/wp\/v2\/posts\/18699","targetHints":{"allow":["GET"]}}],"collection":[{"href":"https:\/\/contraluzcucuta.co\/index.php?rest_route=\/wp\/v2\/posts"}],"about":[{"href":"https:\/\/contraluzcucuta.co\/index.php?rest_route=\/wp\/v2\/types\/post"}],"author":[{"embeddable":true,"href":"https:\/\/contraluzcucuta.co\/index.php?rest_route=\/wp\/v2\/users\/1"}],"replies":[{"embeddable":true,"href":"https:\/\/contraluzcucuta.co\/index.php?rest_route=%2Fwp%2Fv2%2Fcomments&post=18699"}],"version-history":[{"count":1,"href":"https:\/\/contraluzcucuta.co\/index.php?rest_route=\/wp\/v2\/posts\/18699\/revisions"}],"predecessor-version":[{"id":18701,"href":"https:\/\/contraluzcucuta.co\/index.php?rest_route=\/wp\/v2\/posts\/18699\/revisions\/18701"}],"wp:featuredmedia":[{"embeddable":true,"href":"https:\/\/contraluzcucuta.co\/index.php?rest_route=\/wp\/v2\/media\/18700"}],"wp:attachment":[{"href":"https:\/\/contraluzcucuta.co\/index.php?rest_route=%2Fwp%2Fv2%2Fmedia&parent=18699"}],"wp:term":[{"taxonomy":"category","embeddable":true,"href":"https:\/\/contraluzcucuta.co\/index.php?rest_route=%2Fwp%2Fv2%2Fcategories&post=18699"},{"taxonomy":"post_tag","embeddable":true,"href":"https:\/\/contraluzcucuta.co\/index.php?rest_route=%2Fwp%2Fv2%2Ftags&post=18699"}],"curies":[{"name":"wp","href":"https:\/\/api.w.org\/{rel}","templated":true}]}}