{"id":18694,"date":"2013-07-25T22:18:37","date_gmt":"2013-07-26T03:18:37","guid":{"rendered":"http:\/\/contraluzcucuta.co\/?p=18694"},"modified":"2013-07-25T22:18:37","modified_gmt":"2013-07-26T03:18:37","slug":"exijamos-a-santos-devaluar-el-peso","status":"publish","type":"post","link":"https:\/\/contraluzcucuta.co\/?p=18694","title":{"rendered":"Exijamos a Santos devaluar el peso"},"content":{"rendered":"<p>\u00a1C\u00facuta no aguanta m\u00e1s! Para entender esta afirmaci\u00f3n es necesario definir la palabra devaluaci\u00f3n. Esta hace referencia\u00a0 a una moneda cuando pierde valor con relaci\u00f3n al d\u00f3lar, es decir, que se necesitan m\u00e1s pesos Colombianos por cada d\u00f3lar. Por su parte, la revaluaci\u00f3n es cuando una moneda gana valor frente a esta y se necesitan menos pesos nacionales para comprar d\u00f3lares.<\/p>\n<p>Aparentemente, la revaluaci\u00f3n suena como si fuera beneficiosa para C\u00facuta, pero cualquiera sabe que cuando el peso se reval\u00faa ostensiblemente con respecto al bol\u00edvar (hoy 0,67 pesos por bol\u00edvar) los venezolanos no vienen a comprar a C\u00facuta y, por el contrario,\u00a0 hay un incremento en el flujo de cucute\u00f1os que pasan la frontera para beneficiarse, entre otras, de las compras de combustibles y alimentos a bajos precios.<\/p>\n<p>Los habitantes de la frontera, exceptuando los pocos que tienen considerables ingresos fijos, sufren una complicada <a href=\"http:\/\/bit.ly\/11YxHEl.\">situaci\u00f3n econ\u00f3mica<\/a>. Esta se da porque el presidente Juan Manuel Santos, por sumisi\u00f3n a los mandatos estadounidenses, insiste de manera obstinada en mantener el peso revaluado con relaci\u00f3n al d\u00f3lar, muy a pesar de que los pa\u00edses del mundo desarrollado apuestan a la devaluaci\u00f3n como una de varias estrategias para estimular sus econom\u00edas (Ver: \u2018<a href=\"http:\/\/bit.ly\/18vB0Xu\">Pa\u00edses de A. Latina tomaron fuertes medidas contra la revaluaci\u00f3n<\/a>,\u00a0 y \u2018<a href=\"http:\/\/bit.ly\/10PveKQ\">Directores financieros de Am\u00e9rica Latina apuestan por devaluaci\u00f3n de las monedas\u2019<\/a>.<\/p>\n<p>\u00bfPor qu\u00e9 Estados Unidos s\u00ed deval\u00faa su moneda para paliar sus crises? En efecto, \u201cEste pa\u00eds viene aplicando la estrategia de la <a href=\"http:\/\/bit.ly\/19RE9ie\">devaluaci\u00f3n competitiva<\/a>. Un d\u00f3lar d\u00e9bil y el inter\u00e9s cercano a cero, le ofrecen a este pa\u00eds enormes ventajas para competir en el comercio; de este modo puede reactivar su econom\u00eda. Al pa\u00eds m\u00e1s poderoso del mundo le preocupa el gigante asi\u00e1tico. El gobierno chino tambi\u00e9n es marrullero y ha dise\u00f1ado una estrategia para devaluar su moneda y poder competir con mercanc\u00edas baratas. Por esta raz\u00f3n Washington acusa a Beijing de darle una ventaja artificial a sus exportaciones\u201d.<\/p>\n<p>As\u00ed, la culpa no la tiene el gobierno de la Rep\u00fablica Bolivariana de Venezuela por devaluar su moneda, pues se trata de una decisi\u00f3n soberana, similar a la adoptada por otros pa\u00edses, que busca la protecci\u00f3n de su econom\u00eda y el inter\u00e9s de los venezolanos. Tienen raz\u00f3n los gremios al quejarse por \u201cLa fuerte revaluaci\u00f3n del peso frente al d\u00f3lar, se ha convertido en el principal problema que afronta el Gobierno Nacional y en especial los exportadores colombianos\u2026 debido al ingreso masivo de d\u00f3lares, producto de la inversi\u00f3n extranjera, los <a href=\"http:\/\/bit.ly\/13v2Dut\">capitales golondrina<\/a> y a una pol\u00edtica expansiva por parte del Gobierno de los Estados Unidos\u201d.<\/p>\n<p>En C\u00facuta la d\u00e9bil estructura industrial y agropecuaria agrava la situaci\u00f3n, pues el grueso de sus recursos se traducen en compras para Venezuela, acentuando los cierres de locales comerciales, las quiebras y, entre otros, el desempleo, el que, <a href=\"http:\/\/bit.ly\/11YxHEl\">seg\u00fan el DANE, a marzo de 2013 ya es del 19,9%<\/a>.<\/p>\n<p>El modelo econ\u00f3mico imperante, basado en la exportaci\u00f3n de materias primas sin valor agregado, acentuado por la firma de los m\u00faltiples TLC, deja indefensa la producci\u00f3n nacional y desindustrializa al pa\u00eds. Por ello se requiere medidas de choque de tipo pol\u00edtico y econ\u00f3mico de car\u00e1cter nacional, entre las cuales resulta fundamental la devaluaci\u00f3n de nuestro peso.<\/p>\n<p>Es imperativo no dejarnos confundir por algunos de quienes derivan sus ingresos del estado o del capital financiero, pues sus opiniones est\u00e1n dadas por sus intereses personales, y tampoco por ciertos medios de comunicaci\u00f3n, que s\u00f3lo trasmiten las posturas oficiales. Bueno es recordar, entre cosas, que durante los 80, en que existi\u00f3 devaluaci\u00f3n del peso, un bol\u00edvar lleg\u00f3 a valer casi 17 pesos, y la ciudad estaba repleta de compradores venezolanos.<\/p>\n<p>Como colombiano e hijo de esta tierra, uno mi voz al clamor de muchos ciudadanos inconformes con las pol\u00edticas y modelo econ\u00f3mico que nos rige. Muy respetuosamente hago un llamado a todos los sectores sociales, gremiales, religiosos y pol\u00edticos del Norte de Santander a unirnos para exigirle al Presidente Santos la devaluaci\u00f3n del peso colombiano y la adopci\u00f3n de medidas complementarias para la reactivaci\u00f3n econ\u00f3mica del pais y de nuestra alica\u00edda regi\u00f3n.<\/p>\n<p><b>JOS\u00c9 RAFAEL ESPINEL P\u00c1EZ <\/b><\/p>\n<p><b>Administrador de Empresas UFPS<\/b> <\/p>\n","protected":false},"excerpt":{"rendered":"<p>\u00a1C\u00facuta no aguanta m\u00e1s! Para entender esta afirmaci\u00f3n es necesario definir la palabra devaluaci\u00f3n. Esta hace referencia\u00a0 a una moneda cuando pierde valor con relaci\u00f3n al d\u00f3lar, es decir, que se necesitan m\u00e1s pesos Colombianos por cada d\u00f3lar. Por su parte, la revaluaci\u00f3n es cuando una moneda gana valor frente a esta y se necesitan &hellip;<\/p>\n","protected":false},"author":1,"featured_media":18695,"comment_status":"open","ping_status":"open","sticky":false,"template":"","format":"standard","meta":{"footnotes":""},"categories":[14,4],"tags":[797],"class_list":["post-18694","post","type-post","status-publish","format-standard","has-post-thumbnail","hentry","category-articulistas","category-barra","tag-jose-rafael-espinel"],"_links":{"self":[{"href":"https:\/\/contraluzcucuta.co\/index.php?rest_route=\/wp\/v2\/posts\/18694","targetHints":{"allow":["GET"]}}],"collection":[{"href":"https:\/\/contraluzcucuta.co\/index.php?rest_route=\/wp\/v2\/posts"}],"about":[{"href":"https:\/\/contraluzcucuta.co\/index.php?rest_route=\/wp\/v2\/types\/post"}],"author":[{"embeddable":true,"href":"https:\/\/contraluzcucuta.co\/index.php?rest_route=\/wp\/v2\/users\/1"}],"replies":[{"embeddable":true,"href":"https:\/\/contraluzcucuta.co\/index.php?rest_route=%2Fwp%2Fv2%2Fcomments&post=18694"}],"version-history":[{"count":1,"href":"https:\/\/contraluzcucuta.co\/index.php?rest_route=\/wp\/v2\/posts\/18694\/revisions"}],"predecessor-version":[{"id":18696,"href":"https:\/\/contraluzcucuta.co\/index.php?rest_route=\/wp\/v2\/posts\/18694\/revisions\/18696"}],"wp:featuredmedia":[{"embeddable":true,"href":"https:\/\/contraluzcucuta.co\/index.php?rest_route=\/wp\/v2\/media\/18695"}],"wp:attachment":[{"href":"https:\/\/contraluzcucuta.co\/index.php?rest_route=%2Fwp%2Fv2%2Fmedia&parent=18694"}],"wp:term":[{"taxonomy":"category","embeddable":true,"href":"https:\/\/contraluzcucuta.co\/index.php?rest_route=%2Fwp%2Fv2%2Fcategories&post=18694"},{"taxonomy":"post_tag","embeddable":true,"href":"https:\/\/contraluzcucuta.co\/index.php?rest_route=%2Fwp%2Fv2%2Ftags&post=18694"}],"curies":[{"name":"wp","href":"https:\/\/api.w.org\/{rel}","templated":true}]}}