{"id":18691,"date":"2013-07-25T21:48:16","date_gmt":"2013-07-26T02:48:16","guid":{"rendered":"http:\/\/contraluzcucuta.co\/?p=18691"},"modified":"2013-07-25T21:48:16","modified_gmt":"2013-07-26T02:48:16","slug":"cucuta-deportivo-entre-espinas-y-algodones","status":"publish","type":"post","link":"https:\/\/contraluzcucuta.co\/?p=18691","title":{"rendered":"C\u00facuta Deportivo. Entre espinas y algodones"},"content":{"rendered":"<p><b>C\u00daCUTA.-<\/b> En medio de dificultades econ\u00f3micas y poca confianza entre los aficionados, el <a href=\"http:\/\/www.cucutadeportivo.com.co\/\">C\u00facuta Deportivo<\/a> comienza hoy la traves\u00eda por el <a href=\"http:\/\/www.dimayor.com\/\">segundo torneo<\/a> del a\u00f1o del f\u00fatbol profesional colombiano.<\/p>\n<p>El club est\u00e1 acosado por las deudas, realidad financiera que llev\u00f3 al presidente Antonio Manrique a reconocer que \u201c<a href=\"https:\/\/contraluzcucuta.co\/articulos\/el-cucuta-deportivo-es-un-equipo-pobre-manrique\/\">es un equipo pobre<\/a>\u201d, y los hinchas han abandonado los grader\u00edos del estadio General Santander.<\/p>\n<p>En un informe conocido en d\u00edas pasados en la ciudad, se mostr\u00f3 el listado de las 135 personas naturales y jur\u00eddicas con las que tiene compromisos sin pagar. Jugadores, empresas, exjugadores, exdirectivos y ext\u00e9cnicos aparecen en el largo listado.<\/p>\n<p>Algunas deudas son risibles, como las que se mantienen con Yoan Daivi Arenas Castilla por $ 297.258, con Cristian Rodrigo Ar\u00e9valo por $ 500.000 o Edison Mauricio Duarte por $ 250.000. Otras, son alarmantes, como la del IMRD por $ 1.540 millones, JWW Ltda. Servicios Integrales por $ 1.446 millones, RCN Televisi\u00f3n por $ 583,8 millones, JJ Pitta por $ 500 millones, Dimayor por $ 737,5 millones y DirecTv por $ 469,6 millones.<\/p>\n<p>La pasi\u00f3n de d\u00edas atr\u00e1s no se siente en la ciudad. La venta de camisetas en la calle no es tan visible y el ambiente en la ciudad no traspira a f\u00fatbol, como en a\u00f1os recientes.<\/p>\n<p>El cuadro motil\u00f3n, desde torneos pasados, se ha fijado como meta mantenerse en el grupo de los 18 equipos de la primera divisi\u00f3n y no caer a la segunda, estancia donde pas\u00f3 10 a\u00f1os. Las metas de directivos, t\u00e9cnicos y jugadores est\u00e1n trazadas en ese objetivo.<\/p>\n<p>En segunda instancia aparece como prioridad el clasificar a los cuadrangulares. Para cumplir esta meta debe ganar los nueve partidos en calidad de local, para sumar 27 puntos, y con seguir algunos resultados positivos en calidad de visita.<\/p>\n<p>En los dos campeonatos pasados el once rojinegro cumpli\u00f3 destaca actuaci\u00f3n al comienzo y sum\u00f3 el 70 por ciento de los puntos alcanzados en los 18 compromisos. Luego, la burbuja se desinfl\u00f3 y termin\u00f3 colgado en la categor\u00eda, merced a los ruegos y las oraciones de los aficionados.<\/p>\n<p>Hoy, a las 8:10 de la noche, contra Itag\u00fc\u00ed se marcar\u00e1 el camino del equipo y se definir\u00e1 qu\u00e9 tanto acompa\u00f1amiento tendr\u00e1 en las tribunas. Los precios de la boleter\u00eda bajaron para estimular la asistencia de p\u00fablico. Los hinchas tienen la palabra.<\/p>\n<p>Para este compromiso el t\u00e9cnico \u00c1lvaro Aponte convoc\u00f3 el siguiente grupo:<\/p>\n<p><b>Arqueros<\/b>; Jos\u00e9 Escobar y Diego Germ\u00e1n Mart\u00ednez.<\/p>\n<p>&nbsp;<\/p>\n<p><b>Defensas;<\/b> Dar\u00edo Bustos, Rub\u00e9n Bustos, Luis Payares, Walter Moreno, Mauricio Duarte y John Lozano.<\/p>\n<p><b>Mediocampistas<\/b>; Jaime C\u00f3rdoba,\u00a0 Rodrigo Soria, Javier Ara\u00fajo, Javier Fl\u00f3rez y James Castro.<\/p>\n<p><b>Delanteros<\/b>; Jhon C\u00f3rdoba, Milt\u00f3n Rodr\u00edguez y Jeison Qui\u00f1ones.<\/p>\n<p><b>RAFAEL ANTONIO PAB\u00d3N<\/b><\/p>\n<p><a href=\"mailto:rafaelpabon58@hotmail.com\">rafaelpabon58@hotmail.com<\/a><\/p>\n<p>Foto: ALIRIO PARRA <\/p>\n","protected":false},"excerpt":{"rendered":"<p>C\u00daCUTA.- En medio de dificultades econ\u00f3micas y poca confianza entre los aficionados, el C\u00facuta Deportivo comienza hoy la traves\u00eda por el segundo torneo del a\u00f1o del f\u00fatbol profesional colombiano. El club est\u00e1 acosado por las deudas, realidad financiera que llev\u00f3 al presidente Antonio Manrique a reconocer que \u201ces un equipo pobre\u201d, y los hinchas han &hellip;<\/p>\n","protected":false},"author":1,"featured_media":18692,"comment_status":"open","ping_status":"open","sticky":false,"template":"","format":"standard","meta":{"footnotes":""},"categories":[28],"tags":[192],"class_list":["post-18691","post","type-post","status-publish","format-standard","has-post-thumbnail","hentry","category-vistazo-deportivo","tag-cucuta-deportivo"],"_links":{"self":[{"href":"https:\/\/contraluzcucuta.co\/index.php?rest_route=\/wp\/v2\/posts\/18691","targetHints":{"allow":["GET"]}}],"collection":[{"href":"https:\/\/contraluzcucuta.co\/index.php?rest_route=\/wp\/v2\/posts"}],"about":[{"href":"https:\/\/contraluzcucuta.co\/index.php?rest_route=\/wp\/v2\/types\/post"}],"author":[{"embeddable":true,"href":"https:\/\/contraluzcucuta.co\/index.php?rest_route=\/wp\/v2\/users\/1"}],"replies":[{"embeddable":true,"href":"https:\/\/contraluzcucuta.co\/index.php?rest_route=%2Fwp%2Fv2%2Fcomments&post=18691"}],"version-history":[{"count":1,"href":"https:\/\/contraluzcucuta.co\/index.php?rest_route=\/wp\/v2\/posts\/18691\/revisions"}],"predecessor-version":[{"id":18693,"href":"https:\/\/contraluzcucuta.co\/index.php?rest_route=\/wp\/v2\/posts\/18691\/revisions\/18693"}],"wp:featuredmedia":[{"embeddable":true,"href":"https:\/\/contraluzcucuta.co\/index.php?rest_route=\/wp\/v2\/media\/18692"}],"wp:attachment":[{"href":"https:\/\/contraluzcucuta.co\/index.php?rest_route=%2Fwp%2Fv2%2Fmedia&parent=18691"}],"wp:term":[{"taxonomy":"category","embeddable":true,"href":"https:\/\/contraluzcucuta.co\/index.php?rest_route=%2Fwp%2Fv2%2Fcategories&post=18691"},{"taxonomy":"post_tag","embeddable":true,"href":"https:\/\/contraluzcucuta.co\/index.php?rest_route=%2Fwp%2Fv2%2Ftags&post=18691"}],"curies":[{"name":"wp","href":"https:\/\/api.w.org\/{rel}","templated":true}]}}