{"id":18688,"date":"2013-07-25T20:47:20","date_gmt":"2013-07-26T01:47:20","guid":{"rendered":"http:\/\/contraluzcucuta.co\/?p=18688"},"modified":"2013-07-25T20:47:20","modified_gmt":"2013-07-26T01:47:20","slug":"3500-millones-para-cambio-de-luminarias","status":"publish","type":"post","link":"https:\/\/contraluzcucuta.co\/?p=18688","title":{"rendered":"$ 3500 millones para cambio de luminarias"},"content":{"rendered":"<p><b>C\u00daCUTA.-<\/b> $ 3500 millones, correspondientes a recursos propios del municipio, ser\u00e1n invertidos en el plan de cambio de luminaria por luz LED en C\u00facuta. El programa inici\u00f3 en la prolongaci\u00f3n de la avenida 0, en la glorieta Garc\u00eda Herreros, y se extender\u00e1 a la autopista internacional. Luego, se replicar\u00e1 en cinco puntos estrat\u00e9gicos de la ciudad.<\/p>\n<p>El cambio de luz amarilla por luz LED se aplicar\u00e1 en la avenida 0, Plaza de Banderas, Diagonal Santander, Gran Colombia y El Malec\u00f3n. El prop\u00f3sito es llegar a m\u00e1s puntos cucute\u00f1os.<\/p>\n<p>Los recursos provenientes del pago de los impuestos permitir\u00e1n la ejecuci\u00f3n de obras. C\u00facuta ser\u00e1 la primera capital de departamento en implementar el sistema ecol\u00f3gico de alumbrado.<\/p>\n<p>En la Gran Colombia se cambiar\u00e1 por farol y se repotenciar\u00e1 la iluminaci\u00f3n, que pasar\u00e1 de ser amarilla a blanca. Las obras iniciar\u00e1n dentro de 15 d\u00edas. En la prolongaci\u00f3n de la avenida 0 hasta la autopista internacional, Plaza de Banderas, Diagonal Santander y El Malec\u00f3n, se aplicar\u00e1 el mismo sistema.<\/p>\n<p>En la segunda fase del proyecto se repotenciar\u00e1 el resto de la iluminaci\u00f3n con recursos de la empresa concesionada.<\/p>\n<p>La tecnolog\u00eda LED ofrece las siguientes garant\u00edas:<\/p>\n<p>1.- Produce ahorro de energ\u00eda de m\u00e1s del 60 por ciento<\/p>\n<p>2.- Tiene bajo nivel de mantenimiento<\/p>\n<p>3.- Es ecol\u00f3gica, porque no produce calor<\/p>\n<p>4.- Contribuye con el medio ambiente<\/p>\n<p>5.- La iluminaci\u00f3n en \u00f3ptima.<\/p>\n<p>Las luminarias retiradas ser\u00e1s ubicadas en los parques biosaludables y en sectores vulnerables.<\/p>\n<p>&nbsp;<\/p>\n<p>&nbsp; <\/p>\n","protected":false},"excerpt":{"rendered":"<p>C\u00daCUTA.- $ 3500 millones, correspondientes a recursos propios del municipio, ser\u00e1n invertidos en el plan de cambio de luminaria por luz LED en C\u00facuta. El programa inici\u00f3 en la prolongaci\u00f3n de la avenida 0, en la glorieta Garc\u00eda Herreros, y se extender\u00e1 a la autopista internacional. Luego, se replicar\u00e1 en cinco puntos estrat\u00e9gicos de la &hellip;<\/p>\n","protected":false},"author":1,"featured_media":18689,"comment_status":"open","ping_status":"open","sticky":false,"template":"","format":"standard","meta":{"footnotes":""},"categories":[541,4],"tags":[796],"class_list":["post-18688","post","type-post","status-publish","format-standard","has-post-thumbnail","hentry","category-ciudad","category-barra","tag-luz-led"],"_links":{"self":[{"href":"https:\/\/contraluzcucuta.co\/index.php?rest_route=\/wp\/v2\/posts\/18688","targetHints":{"allow":["GET"]}}],"collection":[{"href":"https:\/\/contraluzcucuta.co\/index.php?rest_route=\/wp\/v2\/posts"}],"about":[{"href":"https:\/\/contraluzcucuta.co\/index.php?rest_route=\/wp\/v2\/types\/post"}],"author":[{"embeddable":true,"href":"https:\/\/contraluzcucuta.co\/index.php?rest_route=\/wp\/v2\/users\/1"}],"replies":[{"embeddable":true,"href":"https:\/\/contraluzcucuta.co\/index.php?rest_route=%2Fwp%2Fv2%2Fcomments&post=18688"}],"version-history":[{"count":1,"href":"https:\/\/contraluzcucuta.co\/index.php?rest_route=\/wp\/v2\/posts\/18688\/revisions"}],"predecessor-version":[{"id":18690,"href":"https:\/\/contraluzcucuta.co\/index.php?rest_route=\/wp\/v2\/posts\/18688\/revisions\/18690"}],"wp:featuredmedia":[{"embeddable":true,"href":"https:\/\/contraluzcucuta.co\/index.php?rest_route=\/wp\/v2\/media\/18689"}],"wp:attachment":[{"href":"https:\/\/contraluzcucuta.co\/index.php?rest_route=%2Fwp%2Fv2%2Fmedia&parent=18688"}],"wp:term":[{"taxonomy":"category","embeddable":true,"href":"https:\/\/contraluzcucuta.co\/index.php?rest_route=%2Fwp%2Fv2%2Fcategories&post=18688"},{"taxonomy":"post_tag","embeddable":true,"href":"https:\/\/contraluzcucuta.co\/index.php?rest_route=%2Fwp%2Fv2%2Ftags&post=18688"}],"curies":[{"name":"wp","href":"https:\/\/api.w.org\/{rel}","templated":true}]}}