{"id":18683,"date":"2013-07-25T19:31:28","date_gmt":"2013-07-26T00:31:28","guid":{"rendered":"http:\/\/contraluzcucuta.co\/?p=18683"},"modified":"2013-07-25T19:31:28","modified_gmt":"2013-07-26T00:31:28","slug":"conductores-de-el-catatumbo-45-dias-con-los-motores-apagados","status":"publish","type":"post","link":"https:\/\/contraluzcucuta.co\/?p=18683","title":{"rendered":"Conductores de El Catatumbo. 45 d\u00edas con los motores apagados"},"content":{"rendered":"<p><b>\u00a0<\/b><b>C\u00daCUTA.-<\/b> Los trasportadores de El Catatumbo est\u00e1n desesperados. Hace 45 d\u00edas apagaron los motores de los veh\u00edculos, como consecuencia del paro campesino. Ayer, llegaron a C\u00facuta para pedirle al gobernador Edgar D\u00edaz que intervenga en la soluci\u00f3n de la crisis.<\/p>\n<p>Entre las salidas al conflicto proponen que la ministra de trasporte Cecilia \u00c1lvarez los reubique, de manera temporal, en otra ruta del departamento y no sean sancionados, ni multados por la Polic\u00eda de Carreteras.<\/p>\n<p>La petici\u00f3n la presentaron voceros de los propietarios de veh\u00edculos y conductores ante el <a href=\"http:\/\/www.nortedesantander.gov.co\/\">gobernador<\/a> D\u00edaz Contreras.<\/p>\n<p>Los representantes del gremio propusieron aprovechar la visita del presidente Juan Manuel Santos a C\u00facuta para solicitarle flexibilidad en las l\u00edneas de cr\u00e9dito y que tenga en cuenta que hace mes y medio no laboran.<\/p>\n<p>D\u00edaz Contreras se comprometi\u00f3 a gestionar las dos solicitudes que aliviar\u00edan la situaci\u00f3n a 120 conductores que prestan el servicio entre C\u00facuta y Tib\u00fa.<\/p>\n<p>Los voceros de los afectados salieron satisfechos de la reuni\u00f3n y destacaron la labor cumplida por el Gobernador para buscar soluciones a la crisis que afronta la zona de El Catatumbo ante la ausencia del Estado.<\/p>\n<p>D\u00edaz Contreras ofreci\u00f3 mercados para los 120 conductores y sus familias. Debido al paro se encuentran sin empleo y en la quiebra. <\/p>\n","protected":false},"excerpt":{"rendered":"<p>\u00a0C\u00daCUTA.- Los trasportadores de El Catatumbo est\u00e1n desesperados. Hace 45 d\u00edas apagaron los motores de los veh\u00edculos, como consecuencia del paro campesino. Ayer, llegaron a C\u00facuta para pedirle al gobernador Edgar D\u00edaz que intervenga en la soluci\u00f3n de la crisis. Entre las salidas al conflicto proponen que la ministra de trasporte Cecilia \u00c1lvarez los reubique, &hellip;<\/p>\n","protected":false},"author":1,"featured_media":18684,"comment_status":"open","ping_status":"open","sticky":false,"template":"","format":"standard","meta":{"footnotes":""},"categories":[32],"tags":[246],"class_list":["post-18683","post","type-post","status-publish","format-standard","has-post-thumbnail","hentry","category-recorrido-por-la-region","tag-el-catatumbo"],"_links":{"self":[{"href":"https:\/\/contraluzcucuta.co\/index.php?rest_route=\/wp\/v2\/posts\/18683","targetHints":{"allow":["GET"]}}],"collection":[{"href":"https:\/\/contraluzcucuta.co\/index.php?rest_route=\/wp\/v2\/posts"}],"about":[{"href":"https:\/\/contraluzcucuta.co\/index.php?rest_route=\/wp\/v2\/types\/post"}],"author":[{"embeddable":true,"href":"https:\/\/contraluzcucuta.co\/index.php?rest_route=\/wp\/v2\/users\/1"}],"replies":[{"embeddable":true,"href":"https:\/\/contraluzcucuta.co\/index.php?rest_route=%2Fwp%2Fv2%2Fcomments&post=18683"}],"version-history":[{"count":1,"href":"https:\/\/contraluzcucuta.co\/index.php?rest_route=\/wp\/v2\/posts\/18683\/revisions"}],"predecessor-version":[{"id":18685,"href":"https:\/\/contraluzcucuta.co\/index.php?rest_route=\/wp\/v2\/posts\/18683\/revisions\/18685"}],"wp:featuredmedia":[{"embeddable":true,"href":"https:\/\/contraluzcucuta.co\/index.php?rest_route=\/wp\/v2\/media\/18684"}],"wp:attachment":[{"href":"https:\/\/contraluzcucuta.co\/index.php?rest_route=%2Fwp%2Fv2%2Fmedia&parent=18683"}],"wp:term":[{"taxonomy":"category","embeddable":true,"href":"https:\/\/contraluzcucuta.co\/index.php?rest_route=%2Fwp%2Fv2%2Fcategories&post=18683"},{"taxonomy":"post_tag","embeddable":true,"href":"https:\/\/contraluzcucuta.co\/index.php?rest_route=%2Fwp%2Fv2%2Ftags&post=18683"}],"curies":[{"name":"wp","href":"https:\/\/api.w.org\/{rel}","templated":true}]}}