{"id":18673,"date":"2013-07-24T21:57:23","date_gmt":"2013-07-25T02:57:23","guid":{"rendered":"http:\/\/contraluzcucuta.co\/?p=18673"},"modified":"2013-07-24T21:57:23","modified_gmt":"2013-07-25T02:57:23","slug":"el-catatumbo-y-el-conpes-frontera-en-la-agenda-de-santos-en-cucuta","status":"publish","type":"post","link":"https:\/\/contraluzcucuta.co\/?p=18673","title":{"rendered":"El Catatumbo y el Conpes Frontera, en la agenda de Santos en C\u00facuta"},"content":{"rendered":"<p><b>C\u00daCUTA.-<\/b> El gobernador Edgar D\u00edaz y el alcalde Donamaris Ram\u00edrez preparan los asuntos que tratar\u00e1n, el 25 de julio, con el presidente <a href=\"http:\/\/www.presidencia.gov.co\/\">Juan Manuel Santos<\/a> durante la visita a C\u00facuta.<\/p>\n<p>Mientras D\u00edaz estima que la situaci\u00f3n en El Catatumbo debe ser prioridad en el encuentro con el mandatario, Ram\u00edrez basar\u00e1 las peticiones en el \u00a0documento del Consejo Nacional de Pol\u00edtica Econ\u00f3mica y Social, <a href=\"https:\/\/www.dnp.gov.co\/CONPES\">Conpes Frontera.<\/a><\/p>\n<p>Las protestas de los campesinos de esa zona del departamento cumplen 44 d\u00edas y no se ve una pronta soluci\u00f3n. El Gobierno ha enviado misiones especiales y ninguna ha podido darle la salida efectiva a la crisis, que afecta a una docena de municipios de Norte de Santander.<\/p>\n<p>\u201cSiempre he dicho que si nos hubi\u00e9ramos sentado antes y una semana despu\u00e9s del bloqueo el problema se habr\u00eda podido resolver. Hoy, existe mayor traumatismo en Tib\u00fa y El Catatumbo, por lo que esperamos que el jefe de Estado tenga una alternativa urgente para dar celeridad a este proceso\u201d, dijo Edgar D\u00edaz.<\/p>\n<p>En los \u00faltimos d\u00edas se ha establecido un puente a\u00e9reo para llevarles alimentos a la poblaci\u00f3n e insumos a los comerciantes. La econom\u00eda est\u00e1 colapsada. Palmeros, petroleros, agr\u00edcolas y de comerciantes han cesado las labores.<\/p>\n<p>\u201cNo se puede desconocer que hay un abandono por parte del Estado en la regi\u00f3n de El Catatumbo\u201d, afirm\u00f3 el Gobernador, al tiempo que rechaz\u00f3 las acciones de los\u00a0 grupos violentos. \u201cLo que necesita esta zona de Norte de Santander es proyectos productivos que logren iniciar un proceso de reactivaci\u00f3n del campo\u201d.<\/p>\n<p>El presidente Juan Manuel Santos Calder\u00f3n entregar\u00e1, este viernes,\u00a0 55 casas gratis a familias en condici\u00f3n de vulnerabilidad. Entre la agenda que cumplir\u00e1 en C\u00facuta est\u00e1 la asistencia al sorteo de 500 viviendas, de los proyectos Estoraques y Cormoranes<\/p>\n<p>Santos ha respaldado en proyectos, obras e iniciativas en la capital de Norte de Santander, por el orden de los $ 850.000 millones, que ser\u00e1n invertidos en el desarrollo y sostenibilidad.<\/p>\n<p>Antes de terminar el a\u00f1o, 3300 familias damnificadas, desplazadas y en extrema pobreza tendr\u00e1n vivienda propia y gratis. La inversi\u00f3n alcanza los $ 170.000 millones, y se asignar\u00e1n $ 22.000 millones para canales.<\/p>\n<p>Mediante el programa M\u00e1s Familias en Acci\u00f3n, en la ciudad se entregan $ 85.000 millones a m\u00e1s de 54.000 madres titulares, que en los dos \u00faltimos a\u00f1os aumentaron en 30.000.<\/p>\n<p>Escuelas y colegios de la ciudad recibir\u00e1n recursos, aulas, bater\u00edas sanitarias y dotaci\u00f3n, con una inversi\u00f3n de $40.000 millones.<\/p>\n<p>Las solicitudes que se presentar\u00e1n al presidente Santos Calder\u00f3n est\u00e1n enmarcadas en el Consejo Nacional de Pol\u00edtica Econ\u00f3mica y Social, Conpes Frontera. <\/p>\n","protected":false},"excerpt":{"rendered":"<p>C\u00daCUTA.- El gobernador Edgar D\u00edaz y el alcalde Donamaris Ram\u00edrez preparan los asuntos que tratar\u00e1n, el 25 de julio, con el presidente Juan Manuel Santos durante la visita a C\u00facuta. Mientras D\u00edaz estima que la situaci\u00f3n en El Catatumbo debe ser prioridad en el encuentro con el mandatario, Ram\u00edrez basar\u00e1 las peticiones en el \u00a0documento &hellip;<\/p>\n","protected":false},"author":1,"featured_media":18674,"comment_status":"open","ping_status":"open","sticky":false,"template":"","format":"standard","meta":{"footnotes":""},"categories":[556,4],"tags":[278],"class_list":["post-18673","post","type-post","status-publish","format-standard","has-post-thumbnail","hentry","category-departamento","category-barra","tag-presidente-juan-manuel-santos"],"_links":{"self":[{"href":"https:\/\/contraluzcucuta.co\/index.php?rest_route=\/wp\/v2\/posts\/18673","targetHints":{"allow":["GET"]}}],"collection":[{"href":"https:\/\/contraluzcucuta.co\/index.php?rest_route=\/wp\/v2\/posts"}],"about":[{"href":"https:\/\/contraluzcucuta.co\/index.php?rest_route=\/wp\/v2\/types\/post"}],"author":[{"embeddable":true,"href":"https:\/\/contraluzcucuta.co\/index.php?rest_route=\/wp\/v2\/users\/1"}],"replies":[{"embeddable":true,"href":"https:\/\/contraluzcucuta.co\/index.php?rest_route=%2Fwp%2Fv2%2Fcomments&post=18673"}],"version-history":[{"count":1,"href":"https:\/\/contraluzcucuta.co\/index.php?rest_route=\/wp\/v2\/posts\/18673\/revisions"}],"predecessor-version":[{"id":18675,"href":"https:\/\/contraluzcucuta.co\/index.php?rest_route=\/wp\/v2\/posts\/18673\/revisions\/18675"}],"wp:featuredmedia":[{"embeddable":true,"href":"https:\/\/contraluzcucuta.co\/index.php?rest_route=\/wp\/v2\/media\/18674"}],"wp:attachment":[{"href":"https:\/\/contraluzcucuta.co\/index.php?rest_route=%2Fwp%2Fv2%2Fmedia&parent=18673"}],"wp:term":[{"taxonomy":"category","embeddable":true,"href":"https:\/\/contraluzcucuta.co\/index.php?rest_route=%2Fwp%2Fv2%2Fcategories&post=18673"},{"taxonomy":"post_tag","embeddable":true,"href":"https:\/\/contraluzcucuta.co\/index.php?rest_route=%2Fwp%2Fv2%2Ftags&post=18673"}],"curies":[{"name":"wp","href":"https:\/\/api.w.org\/{rel}","templated":true}]}}