{"id":18666,"date":"2013-07-24T20:43:01","date_gmt":"2013-07-25T01:43:01","guid":{"rendered":"http:\/\/contraluzcucuta.co\/?p=18666"},"modified":"2013-07-24T20:43:01","modified_gmt":"2013-07-25T01:43:01","slug":"columna-de-padilla-90-anos","status":"publish","type":"post","link":"https:\/\/contraluzcucuta.co\/?p=18666","title":{"rendered":"Columna de Padilla, 90 a\u00f1os"},"content":{"rendered":"<p><b>C\u00daCUTA.-<\/b> Hace 190 a\u00f1os, el almirante Jos\u00e9 Prudencio Padilla sali\u00f3 triunfante en la Batalla del Lago de Maracaibo. El hecho hist\u00f3rico no pas\u00f3 inadvertido para las autoridades civiles, militares y de polic\u00eda, y comunidad cucute\u00f1as se reunieron para recordar a los h\u00e9roes de la gesta patri\u00f3tica.<\/p>\n<p>En 1923, se levant\u00f3 en C\u00facuta el monumento al h\u00e9roe de la batalla naval del Lago de Maracaibo. Dise\u00f1ado por el ingeniero Fabio Gonz\u00e1lez Tavera y construido por el arquitecto Crisanto Ram\u00edrez, autor de la columna que se levanta en el c\u00e9ntrico Parque Col\u00f3n o Plaza de La Victoria.<\/p>\n<p>La <a href=\"http:\/\/www.cucutanuestra.com\/\">Columna de Padilla,<\/a> como se conoce en la ciudad, est\u00e1 en la colina \u00a0de \u2018La piedra de galembo\u2019. En la avenida circunvalaci\u00f3n, parte suroccidental de la ciudad, frente a un costado del monasterio de las Hermanas Clarisas.<\/p>\n<p>Una placa en la cara norte de la columna recuerda a los transe\u00fantes que el monumento se levant\u00f3 en honor a los vencedores en el Lago de Maracaibo, el\u00a0 24 de julio de 1823.<\/p>\n<p>&nbsp; <\/p>\n","protected":false},"excerpt":{"rendered":"<p>C\u00daCUTA.- Hace 190 a\u00f1os, el almirante Jos\u00e9 Prudencio Padilla sali\u00f3 triunfante en la Batalla del Lago de Maracaibo. El hecho hist\u00f3rico no pas\u00f3 inadvertido para las autoridades civiles, militares y de polic\u00eda, y comunidad cucute\u00f1as se reunieron para recordar a los h\u00e9roes de la gesta patri\u00f3tica. En 1923, se levant\u00f3 en C\u00facuta el monumento al &hellip;<\/p>\n","protected":false},"author":1,"featured_media":18667,"comment_status":"open","ping_status":"open","sticky":false,"template":"","format":"standard","meta":{"footnotes":""},"categories":[36],"tags":[792],"class_list":["post-18666","post","type-post","status-publish","format-standard","has-post-thumbnail","hentry","category-la-voz-del-pueblo","tag-columna-de-padilla"],"_links":{"self":[{"href":"https:\/\/contraluzcucuta.co\/index.php?rest_route=\/wp\/v2\/posts\/18666","targetHints":{"allow":["GET"]}}],"collection":[{"href":"https:\/\/contraluzcucuta.co\/index.php?rest_route=\/wp\/v2\/posts"}],"about":[{"href":"https:\/\/contraluzcucuta.co\/index.php?rest_route=\/wp\/v2\/types\/post"}],"author":[{"embeddable":true,"href":"https:\/\/contraluzcucuta.co\/index.php?rest_route=\/wp\/v2\/users\/1"}],"replies":[{"embeddable":true,"href":"https:\/\/contraluzcucuta.co\/index.php?rest_route=%2Fwp%2Fv2%2Fcomments&post=18666"}],"version-history":[{"count":1,"href":"https:\/\/contraluzcucuta.co\/index.php?rest_route=\/wp\/v2\/posts\/18666\/revisions"}],"predecessor-version":[{"id":18668,"href":"https:\/\/contraluzcucuta.co\/index.php?rest_route=\/wp\/v2\/posts\/18666\/revisions\/18668"}],"wp:featuredmedia":[{"embeddable":true,"href":"https:\/\/contraluzcucuta.co\/index.php?rest_route=\/wp\/v2\/media\/18667"}],"wp:attachment":[{"href":"https:\/\/contraluzcucuta.co\/index.php?rest_route=%2Fwp%2Fv2%2Fmedia&parent=18666"}],"wp:term":[{"taxonomy":"category","embeddable":true,"href":"https:\/\/contraluzcucuta.co\/index.php?rest_route=%2Fwp%2Fv2%2Fcategories&post=18666"},{"taxonomy":"post_tag","embeddable":true,"href":"https:\/\/contraluzcucuta.co\/index.php?rest_route=%2Fwp%2Fv2%2Ftags&post=18666"}],"curies":[{"name":"wp","href":"https:\/\/api.w.org\/{rel}","templated":true}]}}