{"id":18653,"date":"2013-07-23T22:33:58","date_gmt":"2013-07-24T03:33:58","guid":{"rendered":"http:\/\/contraluzcucuta.co\/?p=18653"},"modified":"2013-07-23T22:33:58","modified_gmt":"2013-07-24T03:33:58","slug":"inem-dijo-no-al-consumo-de-drogas-y-de-alcohol","status":"publish","type":"post","link":"https:\/\/contraluzcucuta.co\/?p=18653","title":{"rendered":"Inem dijo no al consumo de drogas y de alcohol"},"content":{"rendered":"<p><b>C\u00daCUTA.-<\/b> \u2018Cuidad tu inocencia\u2019, \u2018Dile no al embarazo a temprana edad\u2019 gritaron en coro estudiantes y padres de familia en el coliseo del Instituto Nacional Jos\u00e9 Eusebio Caro (Inem), participantes en el concierto de Ciro Qui\u00f1\u00f3nez, Scarlet y Jhony Way.<\/p>\n<p>Al\u00a0 ritmo del Pop, reguet\u00f3n y vallenato se busca concienciar a los alumnos acerca de esos problemas que minimizan a la juventud y obstaculizan la formaci\u00f3n de buenos profesionales.<\/p>\n<p>Desde las 6:00 hasta las 9:00 de la ma\u00f1ana, j\u00f3venes y adultos escucharon hablar de la importancia de decirles no a la droga y al alcohol, y a no dejarse embarazar a temprana edad.<\/p>\n<p>La campa\u00f1a busca crear conciencia entre los j\u00f3venes y se les propone formarse mediante valores y el estudio.<\/p>\n<p>Hasta el colegio cucute\u00f1o llegaron funcionarios del Sisben, Familias en Acci\u00f3n y Centro Tecnol\u00f3gico con los servicios que presta la <a href=\"http:\/\/www.cucuta-nortedesantander.gov.co\/\">Alcald\u00eda de C\u00facuta<\/a> para acercarse m\u00e1s a la comunidad. <\/p>\n","protected":false},"excerpt":{"rendered":"<p>C\u00daCUTA.- \u2018Cuidad tu inocencia\u2019, \u2018Dile no al embarazo a temprana edad\u2019 gritaron en coro estudiantes y padres de familia en el coliseo del Instituto Nacional Jos\u00e9 Eusebio Caro (Inem), participantes en el concierto de Ciro Qui\u00f1\u00f3nez, Scarlet y Jhony Way. Al\u00a0 ritmo del Pop, reguet\u00f3n y vallenato se busca concienciar a los alumnos acerca de &hellip;<\/p>\n","protected":false},"author":1,"featured_media":18654,"comment_status":"open","ping_status":"open","sticky":false,"template":"","format":"standard","meta":{"footnotes":""},"categories":[36],"tags":[226],"class_list":["post-18653","post","type-post","status-publish","format-standard","has-post-thumbnail","hentry","category-la-voz-del-pueblo","tag-alcaldia-de-cucuta"],"_links":{"self":[{"href":"https:\/\/contraluzcucuta.co\/index.php?rest_route=\/wp\/v2\/posts\/18653","targetHints":{"allow":["GET"]}}],"collection":[{"href":"https:\/\/contraluzcucuta.co\/index.php?rest_route=\/wp\/v2\/posts"}],"about":[{"href":"https:\/\/contraluzcucuta.co\/index.php?rest_route=\/wp\/v2\/types\/post"}],"author":[{"embeddable":true,"href":"https:\/\/contraluzcucuta.co\/index.php?rest_route=\/wp\/v2\/users\/1"}],"replies":[{"embeddable":true,"href":"https:\/\/contraluzcucuta.co\/index.php?rest_route=%2Fwp%2Fv2%2Fcomments&post=18653"}],"version-history":[{"count":1,"href":"https:\/\/contraluzcucuta.co\/index.php?rest_route=\/wp\/v2\/posts\/18653\/revisions"}],"predecessor-version":[{"id":18655,"href":"https:\/\/contraluzcucuta.co\/index.php?rest_route=\/wp\/v2\/posts\/18653\/revisions\/18655"}],"wp:featuredmedia":[{"embeddable":true,"href":"https:\/\/contraluzcucuta.co\/index.php?rest_route=\/wp\/v2\/media\/18654"}],"wp:attachment":[{"href":"https:\/\/contraluzcucuta.co\/index.php?rest_route=%2Fwp%2Fv2%2Fmedia&parent=18653"}],"wp:term":[{"taxonomy":"category","embeddable":true,"href":"https:\/\/contraluzcucuta.co\/index.php?rest_route=%2Fwp%2Fv2%2Fcategories&post=18653"},{"taxonomy":"post_tag","embeddable":true,"href":"https:\/\/contraluzcucuta.co\/index.php?rest_route=%2Fwp%2Fv2%2Ftags&post=18653"}],"curies":[{"name":"wp","href":"https:\/\/api.w.org\/{rel}","templated":true}]}}