{"id":18646,"date":"2013-07-23T21:45:17","date_gmt":"2013-07-24T02:45:17","guid":{"rendered":"http:\/\/contraluzcucuta.co\/?p=18646"},"modified":"2013-07-23T21:47:11","modified_gmt":"2013-07-24T02:47:11","slug":"eis-cucuta-una-empresa-solida-de-60-anos","status":"publish","type":"post","link":"https:\/\/contraluzcucuta.co\/?p=18646","title":{"rendered":"EIS C\u00facuta: una empresa s\u00f3lida de 60 a\u00f1os"},"content":{"rendered":"<p><b>C\u00daCUTA.-<\/b> \u00a0\u00a0La empresa de Acueducto y Alcantarillado de C\u00facuta (<a href=\"http:\/\/www.eiscucuta.com.co\/\">EIS C\u00facuta<\/a>), a punto de cumplir 60 a\u00f1os de labores en la capital de Norte de Santander, present\u00f3 el avance de la proyecci\u00f3n empresarial. A\u00f1o y medio tard\u00f3 madurar las iniciativas propias para fortalecer el trabajo \u00a0y definir los nuevos campos de acci\u00f3n.<\/p>\n<p>La EIS C\u00facuta es la entidad municipal con mayor proyecci\u00f3n. Los activos fijos (plantas de tratamiento, estaciones de bombeo, canales, redes de acueducto, tuber\u00edas), clientes y experiencia de m\u00e1s de seis d\u00e9cadas en el sector son prenda de garant\u00eda para afrontar nuevos retos institucionales.<\/p>\n<p>Las l\u00edneas de negocio y los proyectos ser\u00e1n gestionados con apoyo del municipio ante organismos nacionales para dar respuesta a las necesidades de la regi\u00f3n en continuo desarrollo.<\/p>\n<p>\u201cEstamos ante una empresa s\u00f3lida\u201d, dijo el alcalde Donamaris Ram\u00edrez y reconoci\u00f3 que la entidad ha demostrado estar preparada para hacer seguimiento en tiempo real al servicio de acueducto y alcantarillado y para desarrollar otros negocios. \u201cLe hemos modificado los estatutos y va a poder hacer seguimiento mediante interventor\u00eda a servicios p\u00fablicos conexos y complementarios\u201d.<\/p>\n<p>Juan Antonio Nieto, director del <a href=\"http:\/\/www.igac.gov.co\/\">Instituto Geogr\u00e1fico Agust\u00edn Codazzi<\/a> (Igac), present\u00f3 un panorama del antes y despu\u00e9s de la empresa. Nieto estuvo al frente de la EIS hasta comienzos de a\u00f1o, cuando regres\u00f3 a Bogoit\u00e1 para asumir el cargo nacional.<\/p>\n<p>El gerente Carlos Jos\u00e9 Ibarra Rodr\u00edguez encabez\u00f3 la reinauguraci\u00f3n de las oficinas y present\u00f3 la imagen corporativa que marca el comienzo de la nueva etapa de la entidad.<\/p>\n<p>Integrantes de la junta directiva, socios, funcionarios y contratistas, delegados de Aguas Kpital C\u00facuta \u2013 operador del servicio, e integrantes del Consorcio Hidrogesti\u00f3n C\u00facuta participaron en el acto central.<\/p>\n<p>El lema \u2018Construyendo Futuro\u2019 muestra una imagen din\u00e1mica, moderna, equilibrada e incluyente que resume el nuevo enfoque. Se presenta ante los cucute\u00f1os como un mundo que se mueve con ritmo propio, una empresa p\u00fablica que, con los colores negro y rojo en los polos recuerda el compromiso con la ciudad.<\/p>\n<p>La imagen conserva el azul como motivador del servicio de acueducto y alcantarillado. Incluye opciones ambientales representadas en la franja verde y proyectos conexos y complementarios (amarillo y naranja).<\/p>\n<p>&nbsp; <\/p>\n","protected":false},"excerpt":{"rendered":"<p>C\u00daCUTA.- \u00a0\u00a0La empresa de Acueducto y Alcantarillado de C\u00facuta (EIS C\u00facuta), a punto de cumplir 60 a\u00f1os de labores en la capital de Norte de Santander, present\u00f3 el avance de la proyecci\u00f3n empresarial. A\u00f1o y medio tard\u00f3 madurar las iniciativas propias para fortalecer el trabajo \u00a0y definir los nuevos campos de acci\u00f3n. La EIS C\u00facuta &hellip;<\/p>\n","protected":false},"author":1,"featured_media":18647,"comment_status":"open","ping_status":"open","sticky":false,"template":"","format":"standard","meta":{"footnotes":""},"categories":[541,4],"tags":[727],"class_list":["post-18646","post","type-post","status-publish","format-standard","has-post-thumbnail","hentry","category-ciudad","category-barra","tag-eis-cucuta"],"_links":{"self":[{"href":"https:\/\/contraluzcucuta.co\/index.php?rest_route=\/wp\/v2\/posts\/18646","targetHints":{"allow":["GET"]}}],"collection":[{"href":"https:\/\/contraluzcucuta.co\/index.php?rest_route=\/wp\/v2\/posts"}],"about":[{"href":"https:\/\/contraluzcucuta.co\/index.php?rest_route=\/wp\/v2\/types\/post"}],"author":[{"embeddable":true,"href":"https:\/\/contraluzcucuta.co\/index.php?rest_route=\/wp\/v2\/users\/1"}],"replies":[{"embeddable":true,"href":"https:\/\/contraluzcucuta.co\/index.php?rest_route=%2Fwp%2Fv2%2Fcomments&post=18646"}],"version-history":[{"count":2,"href":"https:\/\/contraluzcucuta.co\/index.php?rest_route=\/wp\/v2\/posts\/18646\/revisions"}],"predecessor-version":[{"id":18649,"href":"https:\/\/contraluzcucuta.co\/index.php?rest_route=\/wp\/v2\/posts\/18646\/revisions\/18649"}],"wp:featuredmedia":[{"embeddable":true,"href":"https:\/\/contraluzcucuta.co\/index.php?rest_route=\/wp\/v2\/media\/18647"}],"wp:attachment":[{"href":"https:\/\/contraluzcucuta.co\/index.php?rest_route=%2Fwp%2Fv2%2Fmedia&parent=18646"}],"wp:term":[{"taxonomy":"category","embeddable":true,"href":"https:\/\/contraluzcucuta.co\/index.php?rest_route=%2Fwp%2Fv2%2Fcategories&post=18646"},{"taxonomy":"post_tag","embeddable":true,"href":"https:\/\/contraluzcucuta.co\/index.php?rest_route=%2Fwp%2Fv2%2Ftags&post=18646"}],"curies":[{"name":"wp","href":"https:\/\/api.w.org\/{rel}","templated":true}]}}