{"id":18631,"date":"2013-07-23T19:21:36","date_gmt":"2013-07-24T00:21:36","guid":{"rendered":"http:\/\/contraluzcucuta.co\/?p=18631"},"modified":"2013-07-23T19:21:36","modified_gmt":"2013-07-24T00:21:36","slug":"halcones-de-cucuta-futsal-se-prepara-para-segundo-torneo-del-ano","status":"publish","type":"post","link":"https:\/\/contraluzcucuta.co\/?p=18631","title":{"rendered":"Halcones de C\u00facuta Futsal se prepara para segundo torneo del a\u00f1o"},"content":{"rendered":"<p><b>C\u00daCUTA.-<\/b> El equipo profesional de f\u00fatbol sala Halcones de C\u00facuta trabaja con firmeza para afrontar el <a href=\"http:\/\/www.fcf.com.co\/\">segundo torneo del a\u00f1o<\/a>, que comenzar\u00e1 el 4 de agosto y se extender\u00e1 hasta el 3 de noviembre.<\/p>\n<p>Despu\u00e9s de la preselecci\u00f3n entre 40 jugadores de la regi\u00f3n, el t\u00e9cnico Eduardo Arias conform\u00f3 la n\u00f3mina de 20 deportistas. El Club Halcones de C\u00facuta debutar\u00e1 frente a Deportivo Pereira Futsal, en condici\u00f3n de visitante.<\/p>\n<p>La n\u00f3mina es la siguiente:<\/p>\n<p>Jos\u00e9 Ar\u00e9valo Gallardo, F\u00e9lix Francisco Morantes Conde, H\u00e9ctor Alexis Herrera Cano, Josu\u00e9 David Jaimes Galvis, Juli\u00e1n Andr\u00e9s Palacios Contreras, Herbert Alberto Ospina Pe\u00f1aranda, Diego Alfonso Duarte Acevedo, Dany Yesid Carre\u00f1o Vargas, Edward Leandro S\u00e1nchez Sandoval, Jefferson Ram\u00f3n Blanco Blanco, Andr\u00e9s Felipe Pe\u00f1a Jaimes, Carlos Urley Fl\u00f3rez Jaimes, William Alexander Univio Becerra, Jes\u00fas Andr\u00e9s Sandoval Garc\u00eda, Harbinson Soto Pe\u00f1aranda, Ra\u00fal P\u00e9rez Roa y Faber Leonardo Ni\u00f1o Almeyda.<\/p>\n<p>El calendario del torneo es el siguiente:<\/p>\n<p><b>Agosto 4<\/b><\/p>\n<p>Deportivo Pereira Futsal &#8211; Halcones de C\u00facuta<\/p>\n<p><b>Agosto 11<\/b><\/p>\n<p>Halcones de C\u00facuta &#8211; Talento Dorado S.A.<\/p>\n<p><b>Agosto 18<\/b><\/p>\n<p>Barranquilla Futsal &#8211; Halcones de C\u00facuta<\/p>\n<p><b>Agosto 25<\/b><\/p>\n<p>Real Bucaramanga &#8211; Halcones de C\u00facuta<\/p>\n<p><b>Septiembre 1<\/b><\/p>\n<p>Real Bucaramanga &#8211; Halcones de C\u00facuta<\/p>\n<p><b>Septiembre 8<\/b><\/p>\n<p>Halcones de C\u00facuta &#8211; Rionegro Futsal IMER<\/p>\n<p><b>Septiembre 15<\/b><\/p>\n<p>Gremio Samario &#8211; Halcones de C\u00facuta<\/p>\n<p><b>Septiembre 22<\/b><\/p>\n<p>Halcones de C\u00facuta &#8211; Deportivo Pereira Futsal<\/p>\n<p><b>Septiembre 29<\/b><\/p>\n<p>Talento Dorado S.A. &#8211; Halcones de C\u00facuta<\/p>\n<p><b>Octubre 6<\/b><\/p>\n<p>Halcones de C\u00facuta &#8211; Barranquilla Futsal<\/p>\n<p><b>Octubre 13<\/b><\/p>\n<p>Once Caldas S.A. Halcones de C\u00facuta<\/p>\n<p><b>Octubre 20<\/b><\/p>\n<p>Halcones de C\u00facuta &#8211; Real Bucaramanga<\/p>\n<p><b>Octubre 27<\/b><\/p>\n<p>Rionegro Futsal IMER &#8211; Halcones de C\u00facuta<\/p>\n<p><b>Noviembre 3 <\/b><\/p>\n<p>Halcones de C\u00facuta &#8211; Gremio Samario<\/p>\n<p>&nbsp; <\/p>\n","protected":false},"excerpt":{"rendered":"<p>C\u00daCUTA.- El equipo profesional de f\u00fatbol sala Halcones de C\u00facuta trabaja con firmeza para afrontar el segundo torneo del a\u00f1o, que comenzar\u00e1 el 4 de agosto y se extender\u00e1 hasta el 3 de noviembre. Despu\u00e9s de la preselecci\u00f3n entre 40 jugadores de la regi\u00f3n, el t\u00e9cnico Eduardo Arias conform\u00f3 la n\u00f3mina de 20 deportistas. El &hellip;<\/p>\n","protected":false},"author":1,"featured_media":18632,"comment_status":"open","ping_status":"open","sticky":false,"template":"","format":"standard","meta":{"footnotes":""},"categories":[28],"tags":[786,585],"class_list":["post-18631","post","type-post","status-publish","format-standard","has-post-thumbnail","hentry","category-vistazo-deportivo","tag-futbol-sala","tag-halcones-de-cucuta"],"_links":{"self":[{"href":"https:\/\/contraluzcucuta.co\/index.php?rest_route=\/wp\/v2\/posts\/18631","targetHints":{"allow":["GET"]}}],"collection":[{"href":"https:\/\/contraluzcucuta.co\/index.php?rest_route=\/wp\/v2\/posts"}],"about":[{"href":"https:\/\/contraluzcucuta.co\/index.php?rest_route=\/wp\/v2\/types\/post"}],"author":[{"embeddable":true,"href":"https:\/\/contraluzcucuta.co\/index.php?rest_route=\/wp\/v2\/users\/1"}],"replies":[{"embeddable":true,"href":"https:\/\/contraluzcucuta.co\/index.php?rest_route=%2Fwp%2Fv2%2Fcomments&post=18631"}],"version-history":[{"count":1,"href":"https:\/\/contraluzcucuta.co\/index.php?rest_route=\/wp\/v2\/posts\/18631\/revisions"}],"predecessor-version":[{"id":18633,"href":"https:\/\/contraluzcucuta.co\/index.php?rest_route=\/wp\/v2\/posts\/18631\/revisions\/18633"}],"wp:featuredmedia":[{"embeddable":true,"href":"https:\/\/contraluzcucuta.co\/index.php?rest_route=\/wp\/v2\/media\/18632"}],"wp:attachment":[{"href":"https:\/\/contraluzcucuta.co\/index.php?rest_route=%2Fwp%2Fv2%2Fmedia&parent=18631"}],"wp:term":[{"taxonomy":"category","embeddable":true,"href":"https:\/\/contraluzcucuta.co\/index.php?rest_route=%2Fwp%2Fv2%2Fcategories&post=18631"},{"taxonomy":"post_tag","embeddable":true,"href":"https:\/\/contraluzcucuta.co\/index.php?rest_route=%2Fwp%2Fv2%2Ftags&post=18631"}],"curies":[{"name":"wp","href":"https:\/\/api.w.org\/{rel}","templated":true}]}}