{"id":18628,"date":"2013-07-23T06:24:40","date_gmt":"2013-07-23T11:24:40","guid":{"rendered":"http:\/\/contraluzcucuta.co\/?p=18628"},"modified":"2013-07-23T06:24:40","modified_gmt":"2013-07-23T11:24:40","slug":"aprendices-del-sena-expusieron-proyectos-tecnologicos-en-feria-de-las-tic","status":"publish","type":"post","link":"https:\/\/contraluzcucuta.co\/?p=18628","title":{"rendered":"Aprendices del Sena expusieron proyectos tecnol\u00f3gicos en feria de las TIC"},"content":{"rendered":"<p><b>C\u00daCUTA.-<\/b>\u00a0 Desde la creaci\u00f3n de software de \u00faltima generaci\u00f3n, aplicaciones de control y manejos de seguridad, pasando por la explicaci\u00f3n de las nuevas versiones de Windows, hasta el dise\u00f1o de estructuras de redes el\u00e9ctricas, fueron algunos de los proyectos tecnol\u00f3gicos que se presenciaron en la exposici\u00f3n \u2018Feria de Ideas TIC\u2019,\u00a0 organizada por aprendices de formaciones en telecomunicaciones, electr\u00f3nica, sistemas y multimedia, entre otros, en el <a href=\"http:\/\/www.sena.edu.co\/\">Sena<\/a>.<\/p>\n<p>La actividad \u00a0naci\u00f3 como iniciativa de los instructores l\u00edderes de teleinform\u00e1tica. El objetivo es mostrar los proyectos en los que trabajan las diferentes \u00e1reas.<\/p>\n<p>Parte de estos proyectos se encuentran en la etapa de consolidaci\u00f3n t\u00e9cnica para presentarse en poco tiempo la propuesta comercial y buscar el patrocinio para la ejecuci\u00f3n y puesta en marcha.<\/p>\n<p>\u201cImpulsar la creatividad y la innovaci\u00f3n es uno de los objetivos de la direcci\u00f3n regional. Creemos en que las bases tecnol\u00f3gicas que se trabajan como competencias de nuestros aprendices, son un buen respaldo para que estos estos proyectos encuentren el respaldo econ\u00f3mico de la industria regional\u201d, dijo Jos\u00e9 Antonio Lizarazo, director regional.<\/p>\n<p>Los 30 aprendices que expusieron en la feria se enfocaron en el\u00a0 manejo de las plataformas multimedia, dise\u00f1o y desarrollo de software especializado, automatizaciones y sistematizaci\u00f3n de ambiente, entre otros.<\/p>\n<p>&nbsp; <\/p>\n","protected":false},"excerpt":{"rendered":"<p>C\u00daCUTA.-\u00a0 Desde la creaci\u00f3n de software de \u00faltima generaci\u00f3n, aplicaciones de control y manejos de seguridad, pasando por la explicaci\u00f3n de las nuevas versiones de Windows, hasta el dise\u00f1o de estructuras de redes el\u00e9ctricas, fueron algunos de los proyectos tecnol\u00f3gicos que se presenciaron en la exposici\u00f3n \u2018Feria de Ideas TIC\u2019,\u00a0 organizada por aprendices de formaciones &hellip;<\/p>\n","protected":false},"author":1,"featured_media":18629,"comment_status":"open","ping_status":"open","sticky":false,"template":"","format":"standard","meta":{"footnotes":""},"categories":[74,45],"tags":[784,785],"class_list":["post-18628","post","type-post","status-publish","format-standard","has-post-thumbnail","hentry","category-aula-universitaria","category-destacado","tag-aprendices-sena","tag-feria-de-las-tic"],"_links":{"self":[{"href":"https:\/\/contraluzcucuta.co\/index.php?rest_route=\/wp\/v2\/posts\/18628","targetHints":{"allow":["GET"]}}],"collection":[{"href":"https:\/\/contraluzcucuta.co\/index.php?rest_route=\/wp\/v2\/posts"}],"about":[{"href":"https:\/\/contraluzcucuta.co\/index.php?rest_route=\/wp\/v2\/types\/post"}],"author":[{"embeddable":true,"href":"https:\/\/contraluzcucuta.co\/index.php?rest_route=\/wp\/v2\/users\/1"}],"replies":[{"embeddable":true,"href":"https:\/\/contraluzcucuta.co\/index.php?rest_route=%2Fwp%2Fv2%2Fcomments&post=18628"}],"version-history":[{"count":1,"href":"https:\/\/contraluzcucuta.co\/index.php?rest_route=\/wp\/v2\/posts\/18628\/revisions"}],"predecessor-version":[{"id":18630,"href":"https:\/\/contraluzcucuta.co\/index.php?rest_route=\/wp\/v2\/posts\/18628\/revisions\/18630"}],"wp:featuredmedia":[{"embeddable":true,"href":"https:\/\/contraluzcucuta.co\/index.php?rest_route=\/wp\/v2\/media\/18629"}],"wp:attachment":[{"href":"https:\/\/contraluzcucuta.co\/index.php?rest_route=%2Fwp%2Fv2%2Fmedia&parent=18628"}],"wp:term":[{"taxonomy":"category","embeddable":true,"href":"https:\/\/contraluzcucuta.co\/index.php?rest_route=%2Fwp%2Fv2%2Fcategories&post=18628"},{"taxonomy":"post_tag","embeddable":true,"href":"https:\/\/contraluzcucuta.co\/index.php?rest_route=%2Fwp%2Fv2%2Ftags&post=18628"}],"curies":[{"name":"wp","href":"https:\/\/api.w.org\/{rel}","templated":true}]}}