{"id":18590,"date":"2013-07-21T16:59:09","date_gmt":"2013-07-21T21:59:09","guid":{"rendered":"http:\/\/contraluzcucuta.co\/?p=18590"},"modified":"2013-07-21T16:59:09","modified_gmt":"2013-07-21T21:59:09","slug":"cucutenos-vibraron-con-el-desfile-civico-militar-del-20-de-julio","status":"publish","type":"post","link":"https:\/\/contraluzcucuta.co\/?p=18590","title":{"rendered":"Cucute\u00f1os vibraron con el desfile c\u00edvico- militar del 20 de julio"},"content":{"rendered":"<p><b>C\u00daCUTA.-<\/b> Desde el Puente Francisco de Paula Andrade hasta la intersecci\u00f3n deprimida glorieta Arnulfo Brice\u00f1o, los miembros de las fuerzas militares y p\u00fablicas participaron en el desfile c\u00edvico- militar conmemorativo del Grito de Independencia.<\/p>\n<p>Este a\u00f1o, hubo un ingrediente extra a la actividad c\u00edvica. Los cucute\u00f1os lucieron la camiseta amarilla distintiva de la selecci\u00f3n Colombia de f\u00fatbol. Adem\u00e1s, portaron el tricolor en diferentes tama\u00f1os.<\/p>\n<p>\u201cSe le llena a uno el pecho de emoci\u00f3n y de orgullo al ver ondear a ni\u00f1os, j\u00f3venes y adultos la bandera de Colombia, es satisfactorio observar la acogida que tuvo el desfile del 20 de julio y reiterar lo que siempre he dicho que la historia hay que vivirla\u201d, dijo el alcalde Donamaris Ram\u00edrez.<\/p>\n<p>Los miembros del Ej\u00e9rcito, la Polic\u00eda, la Defensa Civil, los Bomberos y los guardianes del Instituto Nacional Penitenciario\u00a0 de C\u00facuta (Inpec) lucieron impecables uniformes y recibieron el saludo caluroso del p\u00fablico.<\/p>\n<p>Ni\u00f1os y adultos vieron pasar por la avenida Los Libertadores equipos de alta tecnolog\u00eda, \u00a0fundamentales para el desarrollo de las funciones de la fuerza p\u00fablica y para garantizar la seguridad de \u00a0cucute\u00f1os y colombianos.<\/p>\n<p>Helic\u00f3pteros sobre volaron\u00a0 la ciudad y ti\u00f1eron el cielo con humo amarillo, azul y rojo. Tanques de guerra, carros inteligentes de la Polic\u00eda, patrullas, ambulancias, carros de bomberos, veh\u00edculos de la Defensa Civil y del Inpec recorrieron El Malec\u00f3n.<\/p>\n<p>El pabell\u00f3n nacional fue izado en edificios p\u00fablicos y privados, locales comerciales, casas, apartamentos e instituciones educativas. La fiesta patria revivi\u00f3 el sentido de pertenencia y record\u00f3 los hechos que dieron origen al Grito de Independencia, el 20 de julio de 1810.<\/p>\n<p>&nbsp;<\/p>\n<p>&nbsp; <\/p>\n","protected":false},"excerpt":{"rendered":"<p>C\u00daCUTA.- Desde el Puente Francisco de Paula Andrade hasta la intersecci\u00f3n deprimida glorieta Arnulfo Brice\u00f1o, los miembros de las fuerzas militares y p\u00fablicas participaron en el desfile c\u00edvico- militar conmemorativo del Grito de Independencia. Este a\u00f1o, hubo un ingrediente extra a la actividad c\u00edvica. Los cucute\u00f1os lucieron la camiseta amarilla distintiva de la selecci\u00f3n Colombia &hellip;<\/p>\n","protected":false},"author":1,"featured_media":18591,"comment_status":"open","ping_status":"open","sticky":false,"template":"","format":"standard","meta":{"footnotes":""},"categories":[541,4],"tags":[777],"class_list":["post-18590","post","type-post","status-publish","format-standard","has-post-thumbnail","hentry","category-ciudad","category-barra","tag-desfile-militar-del-20-de-julio"],"_links":{"self":[{"href":"https:\/\/contraluzcucuta.co\/index.php?rest_route=\/wp\/v2\/posts\/18590","targetHints":{"allow":["GET"]}}],"collection":[{"href":"https:\/\/contraluzcucuta.co\/index.php?rest_route=\/wp\/v2\/posts"}],"about":[{"href":"https:\/\/contraluzcucuta.co\/index.php?rest_route=\/wp\/v2\/types\/post"}],"author":[{"embeddable":true,"href":"https:\/\/contraluzcucuta.co\/index.php?rest_route=\/wp\/v2\/users\/1"}],"replies":[{"embeddable":true,"href":"https:\/\/contraluzcucuta.co\/index.php?rest_route=%2Fwp%2Fv2%2Fcomments&post=18590"}],"version-history":[{"count":1,"href":"https:\/\/contraluzcucuta.co\/index.php?rest_route=\/wp\/v2\/posts\/18590\/revisions"}],"predecessor-version":[{"id":18592,"href":"https:\/\/contraluzcucuta.co\/index.php?rest_route=\/wp\/v2\/posts\/18590\/revisions\/18592"}],"wp:featuredmedia":[{"embeddable":true,"href":"https:\/\/contraluzcucuta.co\/index.php?rest_route=\/wp\/v2\/media\/18591"}],"wp:attachment":[{"href":"https:\/\/contraluzcucuta.co\/index.php?rest_route=%2Fwp%2Fv2%2Fmedia&parent=18590"}],"wp:term":[{"taxonomy":"category","embeddable":true,"href":"https:\/\/contraluzcucuta.co\/index.php?rest_route=%2Fwp%2Fv2%2Fcategories&post=18590"},{"taxonomy":"post_tag","embeddable":true,"href":"https:\/\/contraluzcucuta.co\/index.php?rest_route=%2Fwp%2Fv2%2Ftags&post=18590"}],"curies":[{"name":"wp","href":"https:\/\/api.w.org\/{rel}","templated":true}]}}