{"id":18580,"date":"2013-07-19T22:02:55","date_gmt":"2013-07-20T03:02:55","guid":{"rendered":"http:\/\/contraluzcucuta.co\/?p=18580"},"modified":"2013-07-19T22:02:55","modified_gmt":"2013-07-20T03:02:55","slug":"estudiantes-visitaran-penitenciaria-para-que-aprendan-del-ejemplo","status":"publish","type":"post","link":"https:\/\/contraluzcucuta.co\/?p=18580","title":{"rendered":"Estudiantes visitar\u00e1n Penitenciar\u00eda para que aprendan del ejemplo"},"content":{"rendered":"<p><b>C\u00daCUTA.-<\/b> La campa\u00f1a \u2018Delinquir no paga\u2019 uni\u00f3 a la Alcald\u00eda de C\u00facuta y al Instituto Nacional Penitenciario y Carcelario (Inpec) para sensibilizar a los estudiantes de los grados 9, 10 y 11 de los establecimientos escolares de la ciudad, sobre las consecuencias que acarrea cometer alg\u00fan acto delictivo.<\/p>\n<p>La iniciativa consiste en trasladar los estudiantes al centro penitenciario con el objetivo que observen la realidad y el calvario que afrontan los reclusos que por diferentes acciones \u00a0pagan una condena. Adem\u00e1s, de truncarles la vida, el delito los aleja de los seres queridos y los coh\u00edbe de la libertad.<\/p>\n<p>El prop\u00f3sito es que los j\u00f3venes entiendan que la libertad no tiene precio y que delinquir no paga. \u201cCon esta campa\u00f1a se busca impactar a los adolescentes para que se den cuenta de que la ilegalidad no termina en nada bueno\u201d, \u00a0dijo el alcalde Donamaris Ram\u00edrez.<\/p>\n<p>Por ganarse unos cuantos pesos pueden destruir la vida y la de la familia. Deben respetar las normas, las leyes y alejarse de las malas influencias.<\/p>\n<p>Liliana Duarte, directora del Inpec en C\u00facuta, dijo que este tipo de programas busca concienciar a los j\u00f3venes de que una mala acci\u00f3n o decisi\u00f3n puede cambiar por completo la vida. Los que hoy se encuentran recluidos en el centro carcelario tomaron una mala decisi\u00f3n y pagan las consecuencias de sus actos.<\/p>\n<p>Se ultiman los detalles para dar inicio a las jornadas de visitas de los estudiantes de los \u00faltimos grados de los colegios al centro penitenciario. La primera semana de agosto podr\u00e1 iniciar la campa\u00f1a.<\/p>\n<p>&nbsp; <\/p>\n","protected":false},"excerpt":{"rendered":"<p>C\u00daCUTA.- La campa\u00f1a \u2018Delinquir no paga\u2019 uni\u00f3 a la Alcald\u00eda de C\u00facuta y al Instituto Nacional Penitenciario y Carcelario (Inpec) para sensibilizar a los estudiantes de los grados 9, 10 y 11 de los establecimientos escolares de la ciudad, sobre las consecuencias que acarrea cometer alg\u00fan acto delictivo. La iniciativa consiste en trasladar los estudiantes &hellip;<\/p>\n","protected":false},"author":1,"featured_media":18581,"comment_status":"open","ping_status":"open","sticky":false,"template":"","format":"standard","meta":{"footnotes":""},"categories":[6],"tags":[775],"class_list":["post-18580","post","type-post","status-publish","format-standard","has-post-thumbnail","hentry","category-ojo-avizor","tag-penitenciaria-de-cucuta"],"_links":{"self":[{"href":"https:\/\/contraluzcucuta.co\/index.php?rest_route=\/wp\/v2\/posts\/18580","targetHints":{"allow":["GET"]}}],"collection":[{"href":"https:\/\/contraluzcucuta.co\/index.php?rest_route=\/wp\/v2\/posts"}],"about":[{"href":"https:\/\/contraluzcucuta.co\/index.php?rest_route=\/wp\/v2\/types\/post"}],"author":[{"embeddable":true,"href":"https:\/\/contraluzcucuta.co\/index.php?rest_route=\/wp\/v2\/users\/1"}],"replies":[{"embeddable":true,"href":"https:\/\/contraluzcucuta.co\/index.php?rest_route=%2Fwp%2Fv2%2Fcomments&post=18580"}],"version-history":[{"count":1,"href":"https:\/\/contraluzcucuta.co\/index.php?rest_route=\/wp\/v2\/posts\/18580\/revisions"}],"predecessor-version":[{"id":18582,"href":"https:\/\/contraluzcucuta.co\/index.php?rest_route=\/wp\/v2\/posts\/18580\/revisions\/18582"}],"wp:featuredmedia":[{"embeddable":true,"href":"https:\/\/contraluzcucuta.co\/index.php?rest_route=\/wp\/v2\/media\/18581"}],"wp:attachment":[{"href":"https:\/\/contraluzcucuta.co\/index.php?rest_route=%2Fwp%2Fv2%2Fmedia&parent=18580"}],"wp:term":[{"taxonomy":"category","embeddable":true,"href":"https:\/\/contraluzcucuta.co\/index.php?rest_route=%2Fwp%2Fv2%2Fcategories&post=18580"},{"taxonomy":"post_tag","embeddable":true,"href":"https:\/\/contraluzcucuta.co\/index.php?rest_route=%2Fwp%2Fv2%2Ftags&post=18580"}],"curies":[{"name":"wp","href":"https:\/\/api.w.org\/{rel}","templated":true}]}}