{"id":18577,"date":"2013-07-19T21:39:52","date_gmt":"2013-07-20T02:39:52","guid":{"rendered":"http:\/\/contraluzcucuta.co\/?p=18577"},"modified":"2013-07-19T21:39:52","modified_gmt":"2013-07-20T02:39:52","slug":"encuentro-de-formadores-de-areas-artisticas","status":"publish","type":"post","link":"https:\/\/contraluzcucuta.co\/?p=18577","title":{"rendered":"Encuentro de formadores de \u00e1reas art\u00edsticas"},"content":{"rendered":"<p><b>C\u00daCUTA.-<\/b> El Primer Encuentro de Autoridades Municipales de Cultura y de Coordinaci\u00f3n de Procesos de Formaci\u00f3n Art\u00edstica y Cultural de Norte de Santander tendr\u00e1 como fin apoyar, asesorar y acompa\u00f1ar a las escuelas de formaci\u00f3n \u00a0que tienen convenio con la administraci\u00f3n departamental, y \u00a0direccionar el desarrollo institucional con los formadores.<\/p>\n<p>Los recursos para poner en marcha el encuentro se obtienen de la estampilla Pro-cultura, y est\u00e1n dados bajo los proyectos de mejoramiento del sistema de cultura y fortalecimiento de los procesos para la creaci\u00f3n art\u00edstica y gesti\u00f3n cultural, para responder a las necesidades de formaci\u00f3n y expresi\u00f3n de ni\u00f1os y j\u00f3venes de la regi\u00f3n.<\/p>\n<p>La jornada iniciar\u00e1 el 22 de julio, a las 11:00 de la ma\u00f1ana, en el auditorio Eduardo Cote Lamus del edificio Torre del Reloj. Contar\u00e1 con la presencia del gobernador Edgar D\u00edaz, la secretaria de cultura Judith Ortega, secretarios de Municipales de Cultura, coordinadores y formadores en el departamento.<\/p>\n<p>La agenda de trabajo se desarrollar\u00e1 del 23 al 25 de julio en la biblioteca p\u00fablica Julio P\u00e9rez Ferrero.<\/p>\n<p>&nbsp; <\/p>\n","protected":false},"excerpt":{"rendered":"<p>C\u00daCUTA.- El Primer Encuentro de Autoridades Municipales de Cultura y de Coordinaci\u00f3n de Procesos de Formaci\u00f3n Art\u00edstica y Cultural de Norte de Santander tendr\u00e1 como fin apoyar, asesorar y acompa\u00f1ar a las escuelas de formaci\u00f3n \u00a0que tienen convenio con la administraci\u00f3n departamental, y \u00a0direccionar el desarrollo institucional con los formadores. Los recursos para poner en &hellip;<\/p>\n","protected":false},"author":1,"featured_media":18578,"comment_status":"open","ping_status":"open","sticky":false,"template":"","format":"standard","meta":{"footnotes":""},"categories":[4,37],"tags":[774],"class_list":["post-18577","post","type-post","status-publish","format-standard","has-post-thumbnail","hentry","category-barra","category-paseo-cultural","tag-encuentro-de-formadores-culturales"],"_links":{"self":[{"href":"https:\/\/contraluzcucuta.co\/index.php?rest_route=\/wp\/v2\/posts\/18577","targetHints":{"allow":["GET"]}}],"collection":[{"href":"https:\/\/contraluzcucuta.co\/index.php?rest_route=\/wp\/v2\/posts"}],"about":[{"href":"https:\/\/contraluzcucuta.co\/index.php?rest_route=\/wp\/v2\/types\/post"}],"author":[{"embeddable":true,"href":"https:\/\/contraluzcucuta.co\/index.php?rest_route=\/wp\/v2\/users\/1"}],"replies":[{"embeddable":true,"href":"https:\/\/contraluzcucuta.co\/index.php?rest_route=%2Fwp%2Fv2%2Fcomments&post=18577"}],"version-history":[{"count":1,"href":"https:\/\/contraluzcucuta.co\/index.php?rest_route=\/wp\/v2\/posts\/18577\/revisions"}],"predecessor-version":[{"id":18579,"href":"https:\/\/contraluzcucuta.co\/index.php?rest_route=\/wp\/v2\/posts\/18577\/revisions\/18579"}],"wp:featuredmedia":[{"embeddable":true,"href":"https:\/\/contraluzcucuta.co\/index.php?rest_route=\/wp\/v2\/media\/18578"}],"wp:attachment":[{"href":"https:\/\/contraluzcucuta.co\/index.php?rest_route=%2Fwp%2Fv2%2Fmedia&parent=18577"}],"wp:term":[{"taxonomy":"category","embeddable":true,"href":"https:\/\/contraluzcucuta.co\/index.php?rest_route=%2Fwp%2Fv2%2Fcategories&post=18577"},{"taxonomy":"post_tag","embeddable":true,"href":"https:\/\/contraluzcucuta.co\/index.php?rest_route=%2Fwp%2Fv2%2Ftags&post=18577"}],"curies":[{"name":"wp","href":"https:\/\/api.w.org\/{rel}","templated":true}]}}