{"id":18554,"date":"2013-07-16T21:49:36","date_gmt":"2013-07-17T02:49:36","guid":{"rendered":"http:\/\/contraluzcucuta.co\/?p=18554"},"modified":"2013-07-16T21:49:36","modified_gmt":"2013-07-17T02:49:36","slug":"gobernador-en-desacuerdo-con-angelino-garzon","status":"publish","type":"post","link":"https:\/\/contraluzcucuta.co\/?p=18554","title":{"rendered":"Gobernador,  en  desacuerdo con Angelino Garz\u00f3n"},"content":{"rendered":"<p><b>C\u00daCUTA.-<\/b> El gobernador Edgar D\u00edaz mostr\u00f3 inconformismo con la propuesta del vicepresidente Angelino Garz\u00f3n de consultar a la comunidad campesina de El Catatumbo para que diga si est\u00e1n de acuerdo con el desbloqueo de las v\u00edas que unen a C\u00facuta con Tib\u00fa<\/p>\n<p>La f\u00f3rmula la present\u00f3 el alto funcionario a nombre del Gobierno para buscar una salida al conflicto, que cumpli\u00f3 36 d\u00edas. Por la mesa de di\u00e1logos han pasado ministros y viceministros y no han conseguido destrabar la situaci\u00f3n.<\/p>\n<p>Garz\u00f3n se reun\u00eda ayer con el Alcalde y los concejales tibuyanos para presentar la propuesta. El plebiscito se llevar\u00eda a cabo el 28 de julio.<\/p>\n<p>El Gobernador regres\u00f3 a C\u00facuta para no participar en la reuni\u00f3n por estar en desacuerdo. Consider\u00f3 que la consulta crear\u00e1 m\u00e1s divisiones entre la comunidad y el campesinado.<\/p>\n<p>\u201cNo existe una parte legal que indique que se tiene que consultar lo que est\u00e1 establecido en la Constituci\u00f3n, como es la libre circulaci\u00f3n y la movilidad\u201d, agreg\u00f3.<\/p>\n<p>Estim\u00f3 que se debe continuar en busca del di\u00e1logo concertado y que el presidente Juan Manuel Santos ayude a encontrar la salida que permita de nuevo sentarse a la mesa con el objeto de tratar \u00a0la zona de reserva campesina y el Plan de Desarrollo Sostenible, para\u00a0 llegar a un acuerdo.<\/p>\n<p>Al contar con esas herramientas se les puede decir a los manifestantes que levanten los bloqueos para trabajar\u00a0 en los dem\u00e1s puntos que presentaron los l\u00edderes de la marcha al Gobierno.<\/p>\n<p>\u201cSi como Gobernador tuviera la potestad de tomar decisiones, hubiera ordenado la suspensi\u00f3n de la erradicaci\u00f3n de la hoja de coca hasta tanto estuvieran en marcha proyectos productivos que les permitieran estabilidad econ\u00f3mica a los que hoy est\u00e1n dedicadas a ese oficio\u201d, sostuvo.<\/p>\n<p>En los 36 d\u00edas de protesta el alto Gobierno ha manejado la situaci\u00f3n. \u201cEl Gobierno reaccion\u00f3 demasiado tarde y tal vez no crey\u00f3 que este inconformismo que hoy tiene el campesinado de El Catatumbo pudiera crecer tanto\u201d.<\/p>\n<p>D\u00edaz Contreras no ha dado, ni dar\u00e1 \u00f3rdenes para que act\u00fae la Fuerza P\u00fablica. Es necesario agotar los caminos que lleven a que se retomen las conversaciones y concertar una salida en la que no haya vencidos, ni vencedores, indic\u00f3. <\/p>\n","protected":false},"excerpt":{"rendered":"<p>C\u00daCUTA.- El gobernador Edgar D\u00edaz mostr\u00f3 inconformismo con la propuesta del vicepresidente Angelino Garz\u00f3n de consultar a la comunidad campesina de El Catatumbo para que diga si est\u00e1n de acuerdo con el desbloqueo de las v\u00edas que unen a C\u00facuta con Tib\u00fa La f\u00f3rmula la present\u00f3 el alto funcionario a nombre del Gobierno para buscar &hellip;<\/p>\n","protected":false},"author":1,"featured_media":18556,"comment_status":"open","ping_status":"open","sticky":false,"template":"","format":"standard","meta":{"footnotes":""},"categories":[6],"tags":[769,246,243],"class_list":["post-18554","post","type-post","status-publish","format-standard","has-post-thumbnail","hentry","category-ojo-avizor","tag-angelino-garzon","tag-el-catatumbo","tag-gobernador-edgar-diaz"],"_links":{"self":[{"href":"https:\/\/contraluzcucuta.co\/index.php?rest_route=\/wp\/v2\/posts\/18554","targetHints":{"allow":["GET"]}}],"collection":[{"href":"https:\/\/contraluzcucuta.co\/index.php?rest_route=\/wp\/v2\/posts"}],"about":[{"href":"https:\/\/contraluzcucuta.co\/index.php?rest_route=\/wp\/v2\/types\/post"}],"author":[{"embeddable":true,"href":"https:\/\/contraluzcucuta.co\/index.php?rest_route=\/wp\/v2\/users\/1"}],"replies":[{"embeddable":true,"href":"https:\/\/contraluzcucuta.co\/index.php?rest_route=%2Fwp%2Fv2%2Fcomments&post=18554"}],"version-history":[{"count":1,"href":"https:\/\/contraluzcucuta.co\/index.php?rest_route=\/wp\/v2\/posts\/18554\/revisions"}],"predecessor-version":[{"id":18557,"href":"https:\/\/contraluzcucuta.co\/index.php?rest_route=\/wp\/v2\/posts\/18554\/revisions\/18557"}],"wp:featuredmedia":[{"embeddable":true,"href":"https:\/\/contraluzcucuta.co\/index.php?rest_route=\/wp\/v2\/media\/18556"}],"wp:attachment":[{"href":"https:\/\/contraluzcucuta.co\/index.php?rest_route=%2Fwp%2Fv2%2Fmedia&parent=18554"}],"wp:term":[{"taxonomy":"category","embeddable":true,"href":"https:\/\/contraluzcucuta.co\/index.php?rest_route=%2Fwp%2Fv2%2Fcategories&post=18554"},{"taxonomy":"post_tag","embeddable":true,"href":"https:\/\/contraluzcucuta.co\/index.php?rest_route=%2Fwp%2Fv2%2Ftags&post=18554"}],"curies":[{"name":"wp","href":"https:\/\/api.w.org\/{rel}","templated":true}]}}