{"id":18551,"date":"2013-07-16T21:14:41","date_gmt":"2013-07-17T02:14:41","guid":{"rendered":"http:\/\/contraluzcucuta.co\/?p=18551"},"modified":"2013-07-16T21:14:41","modified_gmt":"2013-07-17T02:14:41","slug":"pronorco-analizo-avances-de-la-trasversal-de-el-catatumbo","status":"publish","type":"post","link":"https:\/\/contraluzcucuta.co\/?p=18551","title":{"rendered":"Pronorco analiz\u00f3 avances de la Trasversal de El Catatumbo"},"content":{"rendered":"<p><b>C\u00daCUTA.-<\/b> El consejo directivo de la Promotora Nortesantandereana de Infraestructura para la Competitividad (Pronorco) evalu\u00f3 los avances de la construcci\u00f3n de la Trasversal de El Catatumbo.<\/p>\n<p>\u201cM\u00e1s all\u00e1 de la coyuntura pol\u00edtica de esa zona del departamento, hemos tenido a bien hablar concretamente de esta obra, pues dentro del Plan Estrat\u00e9gico de Pronorco se encuentra como una de las tareas trazadas el desarrollo del eje vial\u201d, dijo Jaime Rodr\u00edguez Oviedo, presidente de la entidad.<\/p>\n<p>La evoluci\u00f3n no ha sido tan r\u00e1pida como lo esperaban el sector productivo y la comunidad, a pesar de que existen recursos gestionados por el gobernador Edgar D\u00edaz Contreras para que permanezcan en la regi\u00f3n y sean invertidos en la obra.<\/p>\n<p>Ante la situaci\u00f3n, plantearon que la v\u00eda sea responsabilidad del Estado, amparados bajo un marco pol\u00edtico que as\u00ed lo permite, al estar incluida en el Plan de Desarrollo Nacional y en el Conpes de El Catatumbo.<\/p>\n<p>Propusieron que el presupuesto de $ 39.000 millones se ejecute y se adelanten estudios del corredor hasta el r\u00edo Magdalena.<\/p>\n<p>La v\u00eda comprende el tramo Astilleros-Tib\u00fa-La Mata y representa para Norte de Santander el corredor estrat\u00e9gico y vital para articular la econom\u00eda regional con el resto del pa\u00eds. Generar\u00e1 la salida a la Costa Atl\u00e1ntica para los productos.<\/p>\n<p>Se requiere del Gobierno un compromiso para que los anuncios trasciendan en hechos e inversiones. \u201cNecesitamos mayor acompa\u00f1amiento de la clase pol\u00edtica, porque llevamos muchos a\u00f1os hablando de esta v\u00eda y no existe un responsable en el desarrollo de la misma\u201d, dijo Jaime Rodr\u00edguez.<\/p>\n<p>La inversi\u00f3n ejecutada en el eje vial ha corrido por cuenta de la Gobernaci\u00f3n y la Agencia Nacional de Infraestructura, mediante convenios.<\/p>\n<p>En la reuni\u00f3n participaron el secretario de V\u00edas e Infraestructura, V\u00edctor Pe\u00f1a; el gerente de Pronorco, Jaime Rodr\u00edguez, y representantes de los gremios de la regi\u00f3n.<\/p>\n<p>&nbsp; <\/p>\n","protected":false},"excerpt":{"rendered":"<p>C\u00daCUTA.- El consejo directivo de la Promotora Nortesantandereana de Infraestructura para la Competitividad (Pronorco) evalu\u00f3 los avances de la construcci\u00f3n de la Trasversal de El Catatumbo. \u201cM\u00e1s all\u00e1 de la coyuntura pol\u00edtica de esa zona del departamento, hemos tenido a bien hablar concretamente de esta obra, pues dentro del Plan Estrat\u00e9gico de Pronorco se encuentra &hellip;<\/p>\n","protected":false},"author":1,"featured_media":18552,"comment_status":"open","ping_status":"open","sticky":false,"template":"","format":"standard","meta":{"footnotes":""},"categories":[32],"tags":[246,768],"class_list":["post-18551","post","type-post","status-publish","format-standard","has-post-thumbnail","hentry","category-recorrido-por-la-region","tag-el-catatumbo","tag-pronorco"],"_links":{"self":[{"href":"https:\/\/contraluzcucuta.co\/index.php?rest_route=\/wp\/v2\/posts\/18551","targetHints":{"allow":["GET"]}}],"collection":[{"href":"https:\/\/contraluzcucuta.co\/index.php?rest_route=\/wp\/v2\/posts"}],"about":[{"href":"https:\/\/contraluzcucuta.co\/index.php?rest_route=\/wp\/v2\/types\/post"}],"author":[{"embeddable":true,"href":"https:\/\/contraluzcucuta.co\/index.php?rest_route=\/wp\/v2\/users\/1"}],"replies":[{"embeddable":true,"href":"https:\/\/contraluzcucuta.co\/index.php?rest_route=%2Fwp%2Fv2%2Fcomments&post=18551"}],"version-history":[{"count":1,"href":"https:\/\/contraluzcucuta.co\/index.php?rest_route=\/wp\/v2\/posts\/18551\/revisions"}],"predecessor-version":[{"id":18553,"href":"https:\/\/contraluzcucuta.co\/index.php?rest_route=\/wp\/v2\/posts\/18551\/revisions\/18553"}],"wp:featuredmedia":[{"embeddable":true,"href":"https:\/\/contraluzcucuta.co\/index.php?rest_route=\/wp\/v2\/media\/18552"}],"wp:attachment":[{"href":"https:\/\/contraluzcucuta.co\/index.php?rest_route=%2Fwp%2Fv2%2Fmedia&parent=18551"}],"wp:term":[{"taxonomy":"category","embeddable":true,"href":"https:\/\/contraluzcucuta.co\/index.php?rest_route=%2Fwp%2Fv2%2Fcategories&post=18551"},{"taxonomy":"post_tag","embeddable":true,"href":"https:\/\/contraluzcucuta.co\/index.php?rest_route=%2Fwp%2Fv2%2Ftags&post=18551"}],"curies":[{"name":"wp","href":"https:\/\/api.w.org\/{rel}","templated":true}]}}