{"id":18543,"date":"2013-07-15T23:05:56","date_gmt":"2013-07-16T04:05:56","guid":{"rendered":"http:\/\/contraluzcucuta.co\/?p=18543"},"modified":"2013-07-15T23:05:56","modified_gmt":"2013-07-16T04:05:56","slug":"el-cucuta-deportivo-es-un-equipo-pobre-manrique","status":"publish","type":"post","link":"https:\/\/contraluzcucuta.co\/?p=18543","title":{"rendered":"El C\u00facuta Deportivo es un equipo pobre: Manrique"},"content":{"rendered":"<p><b>C\u00daCUTA.-<\/b> Cuatro directivos del C\u00facuta Deportivo dieron la cara ante la prensa deportiva local para hablar de la dif\u00edcil situaci\u00f3n que afronta el cuadro motil\u00f3n y entregar un balance de lo actuado para consolidar el equipo que encarar\u00e1 el segundo torneo del a\u00f1o del f\u00fatbol profesional colombiano. Antonio Manrique, Iv\u00e1n Abreu, Carolina Cogollo y Diego Mora asistieron al encuentro con los voceros de los medios de comunicaci\u00f3n.<\/p>\n<p>Entre las dudas despejadas destacan:<\/p>\n<p>1.- El presidente Antonio Manrique no tiene pensado renunciar dentro de poco. Quiz\u00e1s lo haga cuando se venda la mayor\u00eda de las acciones y los nuevos due\u00f1os no requieran sus servicios.<\/p>\n<p>2.- El C\u00facuta Deportivo no se vende. La campa\u00f1a est\u00e1 direccionada a la venta del 70 por ciento de las acciones.<\/p>\n<p>3.- El cuadro motil\u00f3n no se ir\u00e1 de la ciudad. Los compradores deber\u00e1n asegurar la permanencia del once rojinegro en la capital de Norte de Santander.<\/p>\n<p>4.- Para fijar los nuevos precios de la boleter\u00eda se tuvo en cuenta a la afici\u00f3n. En Norte y Sur se rebajaron $ 2000 y en Oriental, $ 5000, por ser las tribunas a las que asisten los aficionados de escasos recursos.<\/p>\n<p>5.- \u00a0La Alcald\u00eda trasformar\u00e1 en acciones el monto de la deuda por impuestos.<\/p>\n<p>6.- El pasivo del C\u00facuta, a comienzos de a\u00f1o, sumaba $ 14.500 millones. En mayo, baj\u00f3 a $ 11.500 millones. En agosto, ser\u00e1 de $ 6500 millones.<\/p>\n<p>7.- Las deudas heredadas de los a\u00f1os gloriosos del cuadro fronterizo \u201cno nos dejan dormir\u201d, dijo Manrique.<\/p>\n<p>8.- El pago de la n\u00f3mina est\u00e1 al d\u00eda. Se pag\u00f3 a jugadores y cuerpo t\u00e9cnico hasta junio. Por concepto de publicidad se debe lo correspondiente a mayo y junio.<\/p>\n<p>9.- Tres proponentes le hacen \u2018coquitos\u2019 al C\u00facuta. Ninguno ha decidido la compra de las acciones. \u201cSi no aparecen tocar\u00e1 seguir llevando la cruz a cuestas\u201d, afirm\u00f3 Manrique.<\/p>\n<p>10.- El equipo entra en la categor\u00eda de los modestos. La n\u00f3mina solo da para pelear los puntos, buscar llegar a los cuadrangulares y salvar la categor\u00eda.<\/p>\n<p>11.- Quintabani y Sanguinetti se equivocaron en la escogencia de algunos jugadores.<\/p>\n<p>12.- El t\u00e9cnico \u00c1lvaro Aponte responder\u00e1 por las vinculaciones de los jugadores. Los directivos acatan las sugerencias y contratan.<\/p>\n<p>13.- En el C\u00facuta no importa cu\u00e1nto cobra el jugador sino cu\u00e1l es el compromiso para defender los colores rojo y negro.<\/p>\n<p>14.- Estacio se queda, es definitivo.<\/p>\n<p>15.- Al general Santander terminaron yendo los mismos 5000 aficionados que iban en \u00e9pocas de la B.<\/p>\n<p>16.- El C\u00facuta no es un equipo rico y se est\u00e1 armando de acuerdo con las posibilidades econ\u00f3micas.<\/p>\n<p>17.- Hay que darle piso al proyecto de las divisiones menores.<\/p>\n<p>18.- \u201cTenemos que aterrizar para salvar el barco\u201d, dijo Manrique, quien se declar\u00f3 enfermo y cansado.<\/p>\n<p>19.- El presupuesto para el segundo torneo del a\u00f1o ser\u00e1 de $ 2500 millones.<\/p>\n<p>20.- Solo falta por contratar un defensa central. Los dem\u00e1s cupos est\u00e1n cubiertos.<\/p>\n<p><b>RAFAEL ANTONIO PAB\u00d3N<\/b><\/p>\n<p><a href=\"mailto:rafaelpabon58@hotmail.com\">rafaelpabon58@hotmail.com<\/a> <\/p>\n","protected":false},"excerpt":{"rendered":"<p>C\u00daCUTA.- Cuatro directivos del C\u00facuta Deportivo dieron la cara ante la prensa deportiva local para hablar de la dif\u00edcil situaci\u00f3n que afronta el cuadro motil\u00f3n y entregar un balance de lo actuado para consolidar el equipo que encarar\u00e1 el segundo torneo del a\u00f1o del f\u00fatbol profesional colombiano. Antonio Manrique, Iv\u00e1n Abreu, Carolina Cogollo y Diego &hellip;<\/p>\n","protected":false},"author":1,"featured_media":18545,"comment_status":"open","ping_status":"open","sticky":false,"template":"","format":"standard","meta":{"footnotes":""},"categories":[10,4],"tags":[192],"class_list":["post-18543","post","type-post","status-publish","format-standard","has-post-thumbnail","hentry","category-cronicas","category-barra","tag-cucuta-deportivo"],"_links":{"self":[{"href":"https:\/\/contraluzcucuta.co\/index.php?rest_route=\/wp\/v2\/posts\/18543","targetHints":{"allow":["GET"]}}],"collection":[{"href":"https:\/\/contraluzcucuta.co\/index.php?rest_route=\/wp\/v2\/posts"}],"about":[{"href":"https:\/\/contraluzcucuta.co\/index.php?rest_route=\/wp\/v2\/types\/post"}],"author":[{"embeddable":true,"href":"https:\/\/contraluzcucuta.co\/index.php?rest_route=\/wp\/v2\/users\/1"}],"replies":[{"embeddable":true,"href":"https:\/\/contraluzcucuta.co\/index.php?rest_route=%2Fwp%2Fv2%2Fcomments&post=18543"}],"version-history":[{"count":1,"href":"https:\/\/contraluzcucuta.co\/index.php?rest_route=\/wp\/v2\/posts\/18543\/revisions"}],"predecessor-version":[{"id":18546,"href":"https:\/\/contraluzcucuta.co\/index.php?rest_route=\/wp\/v2\/posts\/18543\/revisions\/18546"}],"wp:featuredmedia":[{"embeddable":true,"href":"https:\/\/contraluzcucuta.co\/index.php?rest_route=\/wp\/v2\/media\/18545"}],"wp:attachment":[{"href":"https:\/\/contraluzcucuta.co\/index.php?rest_route=%2Fwp%2Fv2%2Fmedia&parent=18543"}],"wp:term":[{"taxonomy":"category","embeddable":true,"href":"https:\/\/contraluzcucuta.co\/index.php?rest_route=%2Fwp%2Fv2%2Fcategories&post=18543"},{"taxonomy":"post_tag","embeddable":true,"href":"https:\/\/contraluzcucuta.co\/index.php?rest_route=%2Fwp%2Fv2%2Ftags&post=18543"}],"curies":[{"name":"wp","href":"https:\/\/api.w.org\/{rel}","templated":true}]}}