{"id":18540,"date":"2013-07-15T22:20:40","date_gmt":"2013-07-16T03:20:40","guid":{"rendered":"http:\/\/contraluzcucuta.co\/?p=18540"},"modified":"2013-07-15T22:20:40","modified_gmt":"2013-07-16T03:20:40","slug":"cultura-y-tecnologia-las-herramientas-del-saber","status":"publish","type":"post","link":"https:\/\/contraluzcucuta.co\/?p=18540","title":{"rendered":"Cultura y tecnolog\u00eda: las herramientas del saber"},"content":{"rendered":"<p><b>C\u00daCUTA.-<\/b> La biblioteca departamental Julio P\u00e9rez Ferrero abrir\u00e1 las puertas, el 17 de julio, a las 2:00 de la tarde, para permitir que los visitantes conozcan y disfruten de los servicios innovadores que se ofrecer\u00e1n al poner en marcha la iniciativa del Ministerio de Cultura y la Red Nacional de Bibliotecas P\u00fablicas \u2013 Bibliotecas Vivas.<\/p>\n<p>La actividad demostrar\u00e1 que las bibliotecas p\u00fablicas, apoyadas en las nuevas tecnolog\u00edas, logran conectar emocionalmente a las comunidades con el exterior, y crean v\u00ednculos \u00edntimos personales y sociales. Bibliotecas Vivas conectan tu mundo con el mundo.<\/p>\n<p>El proyecto cuenta con apoyo de la Fundaci\u00f3n Bill y Melinda Gates, y busca cerrar la brecha digital mediante \u201cla dotaci\u00f3n, uso y apropiaci\u00f3n de las TIC en las bibliotecas p\u00fablicas\u201d.<\/p>\n<p>El objetivo es generar oportunidades de acceso en conocimiento, innovaci\u00f3n, aprendizaje y recuperaci\u00f3n de contenidos y memoria cultural. Veintis\u00e9is bibliotecas municipales est\u00e1n dotadas con las herramientas tecnol\u00f3gicas necesarias para hacer parte de esta novedosa iniciativa.<\/p>\n<p>Tableros interactivos, pantallas informadoras, sistemas de audio y video, tabletas, c\u00e1maras fotogr\u00e1ficas y de video, e impresoras son los equipos con los que los bibliotecarios podr\u00e1n ampliar las posibilidades de acceso a estos lugares, para demostrar que la tecnolog\u00eda est\u00e1 al alcance de todos.<\/p>\n<p>Hasta el 25 de julio, se adelantar\u00e1n actos oficiales de presentaci\u00f3n en los municipios con el fin de dar a conocer el nuevo plan de servicios a habitantes de la regi\u00f3n y a los interesados en dominar las formas de conexi\u00f3n e interacci\u00f3n con el mundo globalizado.<\/p>\n<p><b>\u00a0<\/b> <\/p>\n","protected":false},"excerpt":{"rendered":"<p>C\u00daCUTA.- La biblioteca departamental Julio P\u00e9rez Ferrero abrir\u00e1 las puertas, el 17 de julio, a las 2:00 de la tarde, para permitir que los visitantes conozcan y disfruten de los servicios innovadores que se ofrecer\u00e1n al poner en marcha la iniciativa del Ministerio de Cultura y la Red Nacional de Bibliotecas P\u00fablicas \u2013 Bibliotecas Vivas. &hellip;<\/p>\n","protected":false},"author":1,"featured_media":18541,"comment_status":"open","ping_status":"open","sticky":false,"template":"","format":"standard","meta":{"footnotes":""},"categories":[36],"tags":[370],"class_list":["post-18540","post","type-post","status-publish","format-standard","has-post-thumbnail","hentry","category-la-voz-del-pueblo","tag-biblioteca-julio-perez-ferrero"],"_links":{"self":[{"href":"https:\/\/contraluzcucuta.co\/index.php?rest_route=\/wp\/v2\/posts\/18540","targetHints":{"allow":["GET"]}}],"collection":[{"href":"https:\/\/contraluzcucuta.co\/index.php?rest_route=\/wp\/v2\/posts"}],"about":[{"href":"https:\/\/contraluzcucuta.co\/index.php?rest_route=\/wp\/v2\/types\/post"}],"author":[{"embeddable":true,"href":"https:\/\/contraluzcucuta.co\/index.php?rest_route=\/wp\/v2\/users\/1"}],"replies":[{"embeddable":true,"href":"https:\/\/contraluzcucuta.co\/index.php?rest_route=%2Fwp%2Fv2%2Fcomments&post=18540"}],"version-history":[{"count":1,"href":"https:\/\/contraluzcucuta.co\/index.php?rest_route=\/wp\/v2\/posts\/18540\/revisions"}],"predecessor-version":[{"id":18542,"href":"https:\/\/contraluzcucuta.co\/index.php?rest_route=\/wp\/v2\/posts\/18540\/revisions\/18542"}],"wp:featuredmedia":[{"embeddable":true,"href":"https:\/\/contraluzcucuta.co\/index.php?rest_route=\/wp\/v2\/media\/18541"}],"wp:attachment":[{"href":"https:\/\/contraluzcucuta.co\/index.php?rest_route=%2Fwp%2Fv2%2Fmedia&parent=18540"}],"wp:term":[{"taxonomy":"category","embeddable":true,"href":"https:\/\/contraluzcucuta.co\/index.php?rest_route=%2Fwp%2Fv2%2Fcategories&post=18540"},{"taxonomy":"post_tag","embeddable":true,"href":"https:\/\/contraluzcucuta.co\/index.php?rest_route=%2Fwp%2Fv2%2Ftags&post=18540"}],"curies":[{"name":"wp","href":"https:\/\/api.w.org\/{rel}","templated":true}]}}