{"id":18538,"date":"2013-07-15T22:03:43","date_gmt":"2013-07-16T03:03:43","guid":{"rendered":"http:\/\/contraluzcucuta.co\/?p=18538"},"modified":"2013-07-15T22:03:43","modified_gmt":"2013-07-16T03:03:43","slug":"colombia-memorias-de-guerra-y-dignidad","status":"publish","type":"post","link":"https:\/\/contraluzcucuta.co\/?p=18538","title":{"rendered":"Colombia: memorias de guerra y dignidad"},"content":{"rendered":"<p>Este informe no es una narrativa sobre un pasado remoto, sino sobre una realidad anclada en nuestro presente. Es un relato que se aparta expl\u00edcitamente, por convicci\u00f3n y por mandato legal, de la idea de una memoria oficial del conflicto armado.<\/p>\n<p>Lejos de pretender erigirse en un corpus de verdades cerradas, quiere ser elemento de reflexi\u00f3n para un debate social y pol\u00edtico abierto. El pa\u00eds est\u00e1 pendiente de construir una memoria leg\u00edtima, que no consensuada, en la cual se incorporen expl\u00edcitamente las diferencias, los contradictores, sus posturas y sus responsabilidades, y, adem\u00e1s, se reconozca a las v\u00edctimas.<\/p>\n<p>El informe es un momento, una voz, en la concurrida audiencia de los di\u00e1logos de memoria que se han venido realizando en las \u00faltimas d\u00e9cadas. Es el &#8220;\u00a1Basta ya!&#8221; de una sociedad agobiada por su pasado, pero esperanzada en su porvenir&#8221;.<\/p>\n<p>Fragmento del pr\u00f3logo del Informe general del conflicto armado &#8220;\u00a1Basta ya! Colombia: Memorias de guerra y dignidad&#8221;.<\/p>\n<p>&nbsp; <\/p>\n","protected":false},"excerpt":{"rendered":"<p>Este informe no es una narrativa sobre un pasado remoto, sino sobre una realidad anclada en nuestro presente. Es un relato que se aparta expl\u00edcitamente, por convicci\u00f3n y por mandato legal, de la idea de una memoria oficial del conflicto armado. Lejos de pretender erigirse en un corpus de verdades cerradas, quiere ser elemento de &hellip;<\/p>\n","protected":false},"author":1,"featured_media":18537,"comment_status":"open","ping_status":"open","sticky":false,"template":"","format":"standard","meta":{"footnotes":""},"categories":[45],"tags":[157],"class_list":["post-18538","post","type-post","status-publish","format-standard","has-post-thumbnail","hentry","category-destacado","tag-justicia-transicional-2"],"_links":{"self":[{"href":"https:\/\/contraluzcucuta.co\/index.php?rest_route=\/wp\/v2\/posts\/18538","targetHints":{"allow":["GET"]}}],"collection":[{"href":"https:\/\/contraluzcucuta.co\/index.php?rest_route=\/wp\/v2\/posts"}],"about":[{"href":"https:\/\/contraluzcucuta.co\/index.php?rest_route=\/wp\/v2\/types\/post"}],"author":[{"embeddable":true,"href":"https:\/\/contraluzcucuta.co\/index.php?rest_route=\/wp\/v2\/users\/1"}],"replies":[{"embeddable":true,"href":"https:\/\/contraluzcucuta.co\/index.php?rest_route=%2Fwp%2Fv2%2Fcomments&post=18538"}],"version-history":[{"count":1,"href":"https:\/\/contraluzcucuta.co\/index.php?rest_route=\/wp\/v2\/posts\/18538\/revisions"}],"predecessor-version":[{"id":18539,"href":"https:\/\/contraluzcucuta.co\/index.php?rest_route=\/wp\/v2\/posts\/18538\/revisions\/18539"}],"wp:featuredmedia":[{"embeddable":true,"href":"https:\/\/contraluzcucuta.co\/index.php?rest_route=\/wp\/v2\/media\/18537"}],"wp:attachment":[{"href":"https:\/\/contraluzcucuta.co\/index.php?rest_route=%2Fwp%2Fv2%2Fmedia&parent=18538"}],"wp:term":[{"taxonomy":"category","embeddable":true,"href":"https:\/\/contraluzcucuta.co\/index.php?rest_route=%2Fwp%2Fv2%2Fcategories&post=18538"},{"taxonomy":"post_tag","embeddable":true,"href":"https:\/\/contraluzcucuta.co\/index.php?rest_route=%2Fwp%2Fv2%2Ftags&post=18538"}],"curies":[{"name":"wp","href":"https:\/\/api.w.org\/{rel}","templated":true}]}}