{"id":18527,"date":"2013-07-15T21:27:29","date_gmt":"2013-07-16T02:27:29","guid":{"rendered":"http:\/\/contraluzcucuta.co\/?p=18527"},"modified":"2013-07-15T21:27:29","modified_gmt":"2013-07-16T02:27:29","slug":"quince-deportistas-nortesantandereanos-seran-valorados-por-coldeportes","status":"publish","type":"post","link":"https:\/\/contraluzcucuta.co\/?p=18527","title":{"rendered":"Quince deportistas nortesantandereanos ser\u00e1n valorados por Coldeportes"},"content":{"rendered":"<p><b>C\u00daCUTA.-<\/b> Quince atletas de Norte de Santander fueron elegidos para las valoraciones multidisciplinarias a cargo del equipo de Ciencias Aplicadas al Deporte y el Centro de Alto Rendimiento de Coldeportes. La jornada se cumplir\u00e1, el 17 de julio, en el coliseo Eustorgio Colmenares.<\/p>\n<p>La actividad forma parte del \u00a0apoyo a los deportistas de proyecci\u00f3n de las regionales del pa\u00eds. La convocatoria a los nortesantandereanos se hizo por intermedio de Indenorte.<\/p>\n<p>Los llamados son:<\/p>\n<p>1.- Gimnastas. Jossimar Calvo, Jhony Mu\u00f1oz, James Brochero, Carlos Calvo, Camilo Mart\u00ednez y Javier Sandoval.<\/p>\n<p>2.- Patinaje de carreras. Mayerly Amaya y Jessica Rozo.<\/p>\n<p>3.- Tenis de campo. Jampier Melano y Camila Osorio.<\/p>\n<p>4.- Tenis de mesa. Luc\u00eda Mart\u00ednez y Cristopher Mart\u00ednez.<\/p>\n<p>5.- Boxeo. David Escobar \u00a0y Fabio Escobar.<\/p>\n<p>6.- Karate Do. Laura Aguirre.<\/p>\n<p>Los funcionarios de Coldeportes tienen programado, para el 18 de julio, un intercambio de experiencias con los profesionales que trabajan con los deportistas para afinar el proceso de entrenamiento.<\/p>\n<p>Los horarios de valoraci\u00f3n m\u00e9dica ser\u00e1n coordinados por el deport\u00f3logo Ivar Mauricio Dur\u00e1n y con el fisioterapeuta Jos\u00e9 Orlando Arias, del Instituto de Deportes de Norte de Santander.<\/p>\n<p>Los profesionales han estado atentos al proceso y se concretar\u00e1 la hora del chequeo. Se deben formar grupos para la valoraci\u00f3n conjunta de medicina del deporte, sicolog\u00eda, nutrici\u00f3n y fisioterapia.<\/p>\n<p>&nbsp; <\/p>\n","protected":false},"excerpt":{"rendered":"<p>C\u00daCUTA.- Quince atletas de Norte de Santander fueron elegidos para las valoraciones multidisciplinarias a cargo del equipo de Ciencias Aplicadas al Deporte y el Centro de Alto Rendimiento de Coldeportes. La jornada se cumplir\u00e1, el 17 de julio, en el coliseo Eustorgio Colmenares. La actividad forma parte del \u00a0apoyo a los deportistas de proyecci\u00f3n de &hellip;<\/p>\n","protected":false},"author":1,"featured_media":18529,"comment_status":"open","ping_status":"open","sticky":false,"template":"","format":"standard","meta":{"footnotes":""},"categories":[28],"tags":[263,470],"class_list":["post-18527","post","type-post","status-publish","format-standard","has-post-thumbnail","hentry","category-vistazo-deportivo","tag-coldeportes","tag-indenorte"],"_links":{"self":[{"href":"https:\/\/contraluzcucuta.co\/index.php?rest_route=\/wp\/v2\/posts\/18527","targetHints":{"allow":["GET"]}}],"collection":[{"href":"https:\/\/contraluzcucuta.co\/index.php?rest_route=\/wp\/v2\/posts"}],"about":[{"href":"https:\/\/contraluzcucuta.co\/index.php?rest_route=\/wp\/v2\/types\/post"}],"author":[{"embeddable":true,"href":"https:\/\/contraluzcucuta.co\/index.php?rest_route=\/wp\/v2\/users\/1"}],"replies":[{"embeddable":true,"href":"https:\/\/contraluzcucuta.co\/index.php?rest_route=%2Fwp%2Fv2%2Fcomments&post=18527"}],"version-history":[{"count":1,"href":"https:\/\/contraluzcucuta.co\/index.php?rest_route=\/wp\/v2\/posts\/18527\/revisions"}],"predecessor-version":[{"id":18530,"href":"https:\/\/contraluzcucuta.co\/index.php?rest_route=\/wp\/v2\/posts\/18527\/revisions\/18530"}],"wp:featuredmedia":[{"embeddable":true,"href":"https:\/\/contraluzcucuta.co\/index.php?rest_route=\/wp\/v2\/media\/18529"}],"wp:attachment":[{"href":"https:\/\/contraluzcucuta.co\/index.php?rest_route=%2Fwp%2Fv2%2Fmedia&parent=18527"}],"wp:term":[{"taxonomy":"category","embeddable":true,"href":"https:\/\/contraluzcucuta.co\/index.php?rest_route=%2Fwp%2Fv2%2Fcategories&post=18527"},{"taxonomy":"post_tag","embeddable":true,"href":"https:\/\/contraluzcucuta.co\/index.php?rest_route=%2Fwp%2Fv2%2Ftags&post=18527"}],"curies":[{"name":"wp","href":"https:\/\/api.w.org\/{rel}","templated":true}]}}