{"id":18524,"date":"2013-07-15T21:04:58","date_gmt":"2013-07-16T02:04:58","guid":{"rendered":"http:\/\/contraluzcucuta.co\/?p=18524"},"modified":"2013-07-15T21:04:58","modified_gmt":"2013-07-16T02:04:58","slug":"diocesis-de-cucuta-presento-en-sociedad-a-juan","status":"publish","type":"post","link":"https:\/\/contraluzcucuta.co\/?p=18524","title":{"rendered":"Di\u00f3cesis de C\u00facuta present\u00f3 en sociedad a \u2018Juan\u2019"},"content":{"rendered":"<p><b>C\u00daCUTA.-<\/b> Catorce mil adolescentes de las 10 comunas de C\u00facuta recibir\u00e1n formaci\u00f3n en valores humanos y\u00a0 cristianos al darse apertura oficial al proyecto J\u00f3venes Unidos Art\u00edfices de una Nueva Sociedad (Juan), que nace de la alianza entre la Iglesia Particular y la Alcald\u00eda.<\/p>\n<p>Rectores de colegios p\u00fablicos y privados, funcionarios de la administraci\u00f3n municipal,\u00a0 sacerdotes y docentes participaron en la presentaci\u00f3n en sociedad de \u2018Juan\u2019.<\/p>\n<p>La propuesta vincular\u00e1 a adolescentes y j\u00f3venes a escenarios formativos, l\u00fadico &#8211; deportivos, culturales y de compromiso social, que les permitan de manera procesual asumir un proyecto de vida claro y un compromiso social, explic\u00f3 el padre Wilman Paredes, de la Pastoral Juvenil.<\/p>\n<p>El proyecto, que se ejecutar\u00e1 entre el 2013 y el 2017, est\u00e1 estructurado a partir de ejes tem\u00e1ticos:<\/p>\n<p>1.- Valores humanos y cristianos<\/p>\n<p>2.- La persona de Jesucristo<\/p>\n<p>3.- Iglesia, sacramento de salvaci\u00f3n<\/p>\n<p>4.- Compromiso social.<\/p>\n<p>Monse\u00f1or Julio C\u00e9sar Vidal destac\u00f3 el compromiso de la Iglesia Cat\u00f3lica en la construcci\u00f3n de una sociedad justa, humana, equitativa y fraterna. Tarea \u00a0que, enfatiz\u00f3 el prelado, debe convocar y comprometer a los escenarios sociales, en especial a la familia y a la academia.<\/p>\n<p>\u201cSi nos empe\u00f1amos en cultivar los valores humanos y cristianos tendremos hombres y mujeres que ser\u00e1n buenos\u00a0 ciudadanos (\u2026) pero si son los antivalores como el ego\u00edsmo, la violencia, el hedonismo, la corrupci\u00f3n, etc\u00e9tera, los que determinen sus vidas, el mundo en el que viviremos ser\u00e1 inhumano y desastroso\u201d, afirm\u00f3 el prelado.<\/p>\n<p>&nbsp; <\/p>\n","protected":false},"excerpt":{"rendered":"<p>C\u00daCUTA.- Catorce mil adolescentes de las 10 comunas de C\u00facuta recibir\u00e1n formaci\u00f3n en valores humanos y\u00a0 cristianos al darse apertura oficial al proyecto J\u00f3venes Unidos Art\u00edfices de una Nueva Sociedad (Juan), que nace de la alianza entre la Iglesia Particular y la Alcald\u00eda. Rectores de colegios p\u00fablicos y privados, funcionarios de la administraci\u00f3n municipal,\u00a0 sacerdotes &hellip;<\/p>\n","protected":false},"author":1,"featured_media":18525,"comment_status":"open","ping_status":"open","sticky":false,"template":"","format":"standard","meta":{"footnotes":""},"categories":[541,4],"tags":[8,765],"class_list":["post-18524","post","type-post","status-publish","format-standard","has-post-thumbnail","hentry","category-ciudad","category-barra","tag-diocesis-de-cucuta","tag-proyecto-juan"],"_links":{"self":[{"href":"https:\/\/contraluzcucuta.co\/index.php?rest_route=\/wp\/v2\/posts\/18524","targetHints":{"allow":["GET"]}}],"collection":[{"href":"https:\/\/contraluzcucuta.co\/index.php?rest_route=\/wp\/v2\/posts"}],"about":[{"href":"https:\/\/contraluzcucuta.co\/index.php?rest_route=\/wp\/v2\/types\/post"}],"author":[{"embeddable":true,"href":"https:\/\/contraluzcucuta.co\/index.php?rest_route=\/wp\/v2\/users\/1"}],"replies":[{"embeddable":true,"href":"https:\/\/contraluzcucuta.co\/index.php?rest_route=%2Fwp%2Fv2%2Fcomments&post=18524"}],"version-history":[{"count":1,"href":"https:\/\/contraluzcucuta.co\/index.php?rest_route=\/wp\/v2\/posts\/18524\/revisions"}],"predecessor-version":[{"id":18526,"href":"https:\/\/contraluzcucuta.co\/index.php?rest_route=\/wp\/v2\/posts\/18524\/revisions\/18526"}],"wp:featuredmedia":[{"embeddable":true,"href":"https:\/\/contraluzcucuta.co\/index.php?rest_route=\/wp\/v2\/media\/18525"}],"wp:attachment":[{"href":"https:\/\/contraluzcucuta.co\/index.php?rest_route=%2Fwp%2Fv2%2Fmedia&parent=18524"}],"wp:term":[{"taxonomy":"category","embeddable":true,"href":"https:\/\/contraluzcucuta.co\/index.php?rest_route=%2Fwp%2Fv2%2Fcategories&post=18524"},{"taxonomy":"post_tag","embeddable":true,"href":"https:\/\/contraluzcucuta.co\/index.php?rest_route=%2Fwp%2Fv2%2Ftags&post=18524"}],"curies":[{"name":"wp","href":"https:\/\/api.w.org\/{rel}","templated":true}]}}