{"id":18518,"date":"2013-07-15T20:05:34","date_gmt":"2013-07-16T01:05:34","guid":{"rendered":"http:\/\/contraluzcucuta.co\/?p=18518"},"modified":"2013-07-15T20:05:34","modified_gmt":"2013-07-16T01:05:34","slug":"escuelas-sin-violencia-prioridad-en-norte-de-santander","status":"publish","type":"post","link":"https:\/\/contraluzcucuta.co\/?p=18518","title":{"rendered":"Escuelas sin violencia\u2019, prioridad en Norte de Santander"},"content":{"rendered":"<p>\u2018<b>C\u00daCUTA.-<\/b> El primer foro nortesantandereano \u2018Por una Escuela sin Violencia se llevar\u00e1 a cabo en C\u00facuta, el 17 de julio, en la biblioteca p\u00fablica Julio P\u00e9rez Ferrero. El objetivo es fortalecer\u00a0 las escuelas de padres,\u00a0 rectores, directores rurales,\u00a0 orientadores y personeros estudiantiles para que repliquen el mensaje\u00a0 de la no\u00a0 violencia\u00a0 dentro y fuera de las instituciones educativas.<\/p>\n<p>La jornada contar\u00e1\u00a0 con una n\u00f3mina selecta\u00a0 de\u00a0 ponentes investigadores en escuelas de paz. Se aprovechar\u00e1 el espacio para dar a conocer las estad\u00edsticas que reflejan la realidad frente a los casos de violencia ocurridos en C\u00facuta y los 39 restantes municipios del departamento.<\/p>\n<p>El foro servir\u00e1 para comprometer\u00a0 al Ministerio de Educaci\u00f3n en la entrega de mecanismos que\u00a0 permitan construir un presente sin violencia para que las nuevas generaciones abracen la paz.<\/p>\n<p>La actividad\u00a0 tiene garantizada la participaci\u00f3n de 300 rectores y directores rurales, 40 personeros estudiantiles y 153 docentes que integran la Red Nortesantandereana por una Escuela sin Violencia.<\/p>\n<p>Los ponentes que han confirmado la asistencia son:<\/p>\n<p><b>1.- Cleo Fante<\/b>. Pedagoga, historiadora, especialista en ciencias de la educaci\u00f3n, creadora del programa <i>antibullying<\/i> \u2018Educar para la paz\u2019, docente de posgrado, autora del\u00a0 fen\u00f3meno <i>\u2018Bullying<\/i>: c\u00f3mo prevenir la violencia en las escuelas\u2019<\/p>\n<p><b>2.- Jaime Zuluaga Nieto<\/b>. Doctor en derecho y ciencias pol\u00edticas, profesor de las universidades Nacional y Externado de Colombia; profesor visitante en el instituto de Altos Estudios de Am\u00e9rica Latina (IHEAL) de la universidad Par\u00eds III;\u00a0 integrante de la Comisi\u00f3n Facilitadora Civil del Proceso de Paz con el Eln.<\/p>\n<p><b>3.- Sim\u00f3n Gaviria<\/b>. Economista de la universidad estadounidense de Pennsylvania con tesis laureada sobre reforma pensional, y una especializaci\u00f3n en matem\u00e1ticas y econometr\u00eda. Analista financiero de banca en Estados Unidos.<\/p>\n<p>&nbsp; <\/p>\n","protected":false},"excerpt":{"rendered":"<p>\u2018C\u00daCUTA.- El primer foro nortesantandereano \u2018Por una Escuela sin Violencia se llevar\u00e1 a cabo en C\u00facuta, el 17 de julio, en la biblioteca p\u00fablica Julio P\u00e9rez Ferrero. El objetivo es fortalecer\u00a0 las escuelas de padres,\u00a0 rectores, directores rurales,\u00a0 orientadores y personeros estudiantiles para que repliquen el mensaje\u00a0 de la no\u00a0 violencia\u00a0 dentro y fuera de &hellip;<\/p>\n","protected":false},"author":1,"featured_media":18519,"comment_status":"open","ping_status":"open","sticky":false,"template":"","format":"standard","meta":{"footnotes":""},"categories":[556,4],"tags":[763],"class_list":["post-18518","post","type-post","status-publish","format-standard","has-post-thumbnail","hentry","category-departamento","category-barra","tag-escuela-sin-violencia"],"_links":{"self":[{"href":"https:\/\/contraluzcucuta.co\/index.php?rest_route=\/wp\/v2\/posts\/18518","targetHints":{"allow":["GET"]}}],"collection":[{"href":"https:\/\/contraluzcucuta.co\/index.php?rest_route=\/wp\/v2\/posts"}],"about":[{"href":"https:\/\/contraluzcucuta.co\/index.php?rest_route=\/wp\/v2\/types\/post"}],"author":[{"embeddable":true,"href":"https:\/\/contraluzcucuta.co\/index.php?rest_route=\/wp\/v2\/users\/1"}],"replies":[{"embeddable":true,"href":"https:\/\/contraluzcucuta.co\/index.php?rest_route=%2Fwp%2Fv2%2Fcomments&post=18518"}],"version-history":[{"count":1,"href":"https:\/\/contraluzcucuta.co\/index.php?rest_route=\/wp\/v2\/posts\/18518\/revisions"}],"predecessor-version":[{"id":18520,"href":"https:\/\/contraluzcucuta.co\/index.php?rest_route=\/wp\/v2\/posts\/18518\/revisions\/18520"}],"wp:featuredmedia":[{"embeddable":true,"href":"https:\/\/contraluzcucuta.co\/index.php?rest_route=\/wp\/v2\/media\/18519"}],"wp:attachment":[{"href":"https:\/\/contraluzcucuta.co\/index.php?rest_route=%2Fwp%2Fv2%2Fmedia&parent=18518"}],"wp:term":[{"taxonomy":"category","embeddable":true,"href":"https:\/\/contraluzcucuta.co\/index.php?rest_route=%2Fwp%2Fv2%2Fcategories&post=18518"},{"taxonomy":"post_tag","embeddable":true,"href":"https:\/\/contraluzcucuta.co\/index.php?rest_route=%2Fwp%2Fv2%2Ftags&post=18518"}],"curies":[{"name":"wp","href":"https:\/\/api.w.org\/{rel}","templated":true}]}}