{"id":18515,"date":"2013-07-15T18:54:02","date_gmt":"2013-07-15T23:54:02","guid":{"rendered":"http:\/\/contraluzcucuta.co\/?p=18515"},"modified":"2013-07-15T18:54:02","modified_gmt":"2013-07-15T23:54:02","slug":"76-000-millones-costara-electrificacion-rural-para-el-catatumbo","status":"publish","type":"post","link":"https:\/\/contraluzcucuta.co\/?p=18515","title":{"rendered":"$ 76.000 millones costar\u00e1 electrificaci\u00f3n rural para El Catatumbo"},"content":{"rendered":"<p><b>C\u00daCUTA.-<\/b> Garantizar el servicio el\u00e9ctrico para el 97% de las veredas de El Catatumbo y Oca\u00f1a cuesta $ 76.000 millones. As\u00ed qued\u00f3 definido luego de la reuni\u00f3n entre el Ministerio de Minas y Energ\u00eda y el gobernador Edgar D\u00edaz, en la que se logr\u00f3 el cierre financiero para la obra.<\/p>\n<p>El proyecto de electrificaci\u00f3n rural para la regi\u00f3n es el cumplimiento del sue\u00f1o conjunto con la Asociaci\u00f3n de Municipios de esa zona del departamento. La idea empez\u00f3 a labrarse hace 14 meses y cuenta con el apoyo del Gobierno, Ecopetrol, Gobernaci\u00f3n y Centrales El\u00e9ctricas (Cens \u2013EPM).<\/p>\n<p>La puesta en marcha de las obras beneficiar\u00e1 a 30.000 habitantes de El Catatumbo. En las pr\u00f3ximas semanas se firmar\u00e1n dos convenios para garantizar los recursos y la ejecuci\u00f3n de los trabajos:<\/p>\n<p>1.- Entre el Ministerio de Minas y Centrales El\u00e9ctricas por $ 26.200 millones<\/p>\n<p>2.- Entre la Gobernaci\u00f3n, Ecopetrol y Cens por $ 19.000 millones.<\/p>\n<p>Luego de la aprobaci\u00f3n de los recursos las alcald\u00edas no tendr\u00e1n que cofinanciar la iniciativa en la que Cens-EPM ser\u00e1 el ejecutor de las obras durante el 2013 y el 2014.<\/p>\n<p>La gesti\u00f3n del Gobernador y el trabajo de los alcaldes de la zona de El Catatumbo y la Provincia de Oca\u00f1a generar\u00e1n un impacto social para mejorar la calidad de vida de los habitantes. <\/p>\n","protected":false},"excerpt":{"rendered":"<p>C\u00daCUTA.- Garantizar el servicio el\u00e9ctrico para el 97% de las veredas de El Catatumbo y Oca\u00f1a cuesta $ 76.000 millones. As\u00ed qued\u00f3 definido luego de la reuni\u00f3n entre el Ministerio de Minas y Energ\u00eda y el gobernador Edgar D\u00edaz, en la que se logr\u00f3 el cierre financiero para la obra. El proyecto de electrificaci\u00f3n rural &hellip;<\/p>\n","protected":false},"author":1,"featured_media":18516,"comment_status":"open","ping_status":"open","sticky":false,"template":"","format":"standard","meta":{"footnotes":""},"categories":[556,4],"tags":[761,762],"class_list":["post-18515","post","type-post","status-publish","format-standard","has-post-thumbnail","hentry","category-departamento","category-barra","tag-el-catumbo","tag-electrificacion-rural"],"_links":{"self":[{"href":"https:\/\/contraluzcucuta.co\/index.php?rest_route=\/wp\/v2\/posts\/18515","targetHints":{"allow":["GET"]}}],"collection":[{"href":"https:\/\/contraluzcucuta.co\/index.php?rest_route=\/wp\/v2\/posts"}],"about":[{"href":"https:\/\/contraluzcucuta.co\/index.php?rest_route=\/wp\/v2\/types\/post"}],"author":[{"embeddable":true,"href":"https:\/\/contraluzcucuta.co\/index.php?rest_route=\/wp\/v2\/users\/1"}],"replies":[{"embeddable":true,"href":"https:\/\/contraluzcucuta.co\/index.php?rest_route=%2Fwp%2Fv2%2Fcomments&post=18515"}],"version-history":[{"count":1,"href":"https:\/\/contraluzcucuta.co\/index.php?rest_route=\/wp\/v2\/posts\/18515\/revisions"}],"predecessor-version":[{"id":18517,"href":"https:\/\/contraluzcucuta.co\/index.php?rest_route=\/wp\/v2\/posts\/18515\/revisions\/18517"}],"wp:featuredmedia":[{"embeddable":true,"href":"https:\/\/contraluzcucuta.co\/index.php?rest_route=\/wp\/v2\/media\/18516"}],"wp:attachment":[{"href":"https:\/\/contraluzcucuta.co\/index.php?rest_route=%2Fwp%2Fv2%2Fmedia&parent=18515"}],"wp:term":[{"taxonomy":"category","embeddable":true,"href":"https:\/\/contraluzcucuta.co\/index.php?rest_route=%2Fwp%2Fv2%2Fcategories&post=18515"},{"taxonomy":"post_tag","embeddable":true,"href":"https:\/\/contraluzcucuta.co\/index.php?rest_route=%2Fwp%2Fv2%2Ftags&post=18515"}],"curies":[{"name":"wp","href":"https:\/\/api.w.org\/{rel}","templated":true}]}}