{"id":18512,"date":"2013-07-14T19:36:06","date_gmt":"2013-07-15T00:36:06","guid":{"rendered":"http:\/\/contraluzcucuta.co\/?p=18512"},"modified":"2013-07-14T19:36:06","modified_gmt":"2013-07-15T00:36:06","slug":"periodistas-de-cucuta-actualizaron-conocimientos-en-redaccion","status":"publish","type":"post","link":"https:\/\/contraluzcucuta.co\/?p=18512","title":{"rendered":"Periodistas de C\u00facuta actualizaron conocimientos en redacci\u00f3n"},"content":{"rendered":"<p><b>C\u00daCUTA.-<\/b> Cuarenta periodistas y comunicadores de C\u00facuta sacaron tiempo, el fin de semana, para asistir al taller \u2018Redacci\u00f3n Eficaz para Periodistas\u2019, organizado por Ecopetrol y la Corporaci\u00f3n de Periodistas y Comunicadores Sociales de Santander (CPS).<\/p>\n<p>En la jornada de 8 horas los asistentes\u00a0 actualizaron los conocimientos en precisi\u00f3n del mensaje, orden l\u00f3gico gramatical, signos de puntuaci\u00f3n, errores frecuentes en los textos period\u00edsticos, entre otros temas, ofrecidos por expertos del Taller de Redactores Asociados (Tareas).<\/p>\n<p>Carlos Alberto Berm\u00fadez, presidente de la CPS, indic\u00f3 que por la acogida que tuvo el taller en\u00a0 C\u00facuta, se trabaja con los gremios period\u00edsticos de la zona para fortalecerlos y llevar las capacitaciones al oriente colombiano.<\/p>\n<p>\u201cEn agosto, regresaremos a C\u00facuta\u00a0 con el taller \u2018Responsabilidad Social para Periodistas\u2019, con el experto argentino Fernando Legrand\u201d, dijo el vocero gremial<\/p>\n<p>Reacciones.<\/p>\n<p><b>1.- Diana \u00c1lvarez Rey, peri\u00f3dico La verdad de la Dioses de C\u00facuta.<\/b><\/p>\n<p>Es un espacio que los periodistas de esta zona requerimos. La formaci\u00f3n permanente posibilita ejercer una mejor labor profesional.<\/p>\n<p><b>2.- Alejandro Acosta. La Voz del Norte<\/b><\/p>\n<p>Este tipo de capacitaciones deber\u00edan ser frecuentes, toda vez que nos dan las herramientas para ejercer con mayor claridad y objetividad el periodismo.<\/p>\n<p><b>3.- Mildred Molina. Estudiante de comunicaci\u00f3n de la Universidad de Pamplona.<\/b><\/p>\n<p>Hoy, las faltas de ortograf\u00eda y de redacci\u00f3n se han tomado por moda, especialmente por las redes sociales. Debemos tener claro que las normas de redacci\u00f3n nos sirven para informar bien.<\/p>\n<p><b>4.- Zully Andrea Velazco docente de la Universidad de Pamplona.<\/b><\/p>\n<p>Este tipo de jornadas nos fortalece como profesionales. Qu\u00e9 bueno que la CPS\u00a0 y Ecopetrol nos ofrezcan estos espacios.<\/p>\n<p>&nbsp; <\/p>\n","protected":false},"excerpt":{"rendered":"<p>C\u00daCUTA.- Cuarenta periodistas y comunicadores de C\u00facuta sacaron tiempo, el fin de semana, para asistir al taller \u2018Redacci\u00f3n Eficaz para Periodistas\u2019, organizado por Ecopetrol y la Corporaci\u00f3n de Periodistas y Comunicadores Sociales de Santander (CPS). En la jornada de 8 horas los asistentes\u00a0 actualizaron los conocimientos en precisi\u00f3n del mensaje, orden l\u00f3gico gramatical, signos de &hellip;<\/p>\n","protected":false},"author":1,"featured_media":18513,"comment_status":"open","ping_status":"open","sticky":false,"template":"","format":"standard","meta":{"footnotes":""},"categories":[45,37],"tags":[759,760],"class_list":["post-18512","post","type-post","status-publish","format-standard","has-post-thumbnail","hentry","category-destacado","category-paseo-cultural","tag-corporacion-de-periodistas-y-comunicadores-sociales-de-santander-cps","tag-taller-de-redactores-asociados-tareas"],"_links":{"self":[{"href":"https:\/\/contraluzcucuta.co\/index.php?rest_route=\/wp\/v2\/posts\/18512","targetHints":{"allow":["GET"]}}],"collection":[{"href":"https:\/\/contraluzcucuta.co\/index.php?rest_route=\/wp\/v2\/posts"}],"about":[{"href":"https:\/\/contraluzcucuta.co\/index.php?rest_route=\/wp\/v2\/types\/post"}],"author":[{"embeddable":true,"href":"https:\/\/contraluzcucuta.co\/index.php?rest_route=\/wp\/v2\/users\/1"}],"replies":[{"embeddable":true,"href":"https:\/\/contraluzcucuta.co\/index.php?rest_route=%2Fwp%2Fv2%2Fcomments&post=18512"}],"version-history":[{"count":1,"href":"https:\/\/contraluzcucuta.co\/index.php?rest_route=\/wp\/v2\/posts\/18512\/revisions"}],"predecessor-version":[{"id":18514,"href":"https:\/\/contraluzcucuta.co\/index.php?rest_route=\/wp\/v2\/posts\/18512\/revisions\/18514"}],"wp:featuredmedia":[{"embeddable":true,"href":"https:\/\/contraluzcucuta.co\/index.php?rest_route=\/wp\/v2\/media\/18513"}],"wp:attachment":[{"href":"https:\/\/contraluzcucuta.co\/index.php?rest_route=%2Fwp%2Fv2%2Fmedia&parent=18512"}],"wp:term":[{"taxonomy":"category","embeddable":true,"href":"https:\/\/contraluzcucuta.co\/index.php?rest_route=%2Fwp%2Fv2%2Fcategories&post=18512"},{"taxonomy":"post_tag","embeddable":true,"href":"https:\/\/contraluzcucuta.co\/index.php?rest_route=%2Fwp%2Fv2%2Ftags&post=18512"}],"curies":[{"name":"wp","href":"https:\/\/api.w.org\/{rel}","templated":true}]}}