{"id":18484,"date":"2013-07-12T18:32:15","date_gmt":"2013-07-12T23:32:15","guid":{"rendered":"http:\/\/contraluzcucuta.co\/?p=18484"},"modified":"2013-07-12T18:32:15","modified_gmt":"2013-07-12T23:32:15","slug":"cucuta-deportivo-definio-refuerzos-para-segundo-torneo-del-ano","status":"publish","type":"post","link":"https:\/\/contraluzcucuta.co\/?p=18484","title":{"rendered":"C\u00facuta Deportivo defini\u00f3 refuerzos para segundo torneo del a\u00f1o"},"content":{"rendered":"<p><b>C\u00daCUTA.-<\/b> El C\u00facuta Deportivo concret\u00f3 la vinculaci\u00f3n de siete jugadores para encarar el segundo torneo del a\u00f1o del f\u00fatbol profesional colombiano. En la lista aparecen caras conocidas de la afici\u00f3n motilona, por haber lucido la camiseta rojinegra en pasadas ediciones.<\/p>\n<p>Milton \u00a0Fabi\u00e1n Rodr\u00edguez Su\u00e1rez, Jaime Miguel C\u00f3rdoba Taborda, Walter Jos\u00e9 Moreno, Juan Giovanni Garc\u00eda Holgu\u00edn, Rub\u00e9n Dar\u00edo Bustos, John Enrique C\u00f3rdoba C\u00f3rdoba y Jeison Arley Qui\u00f1ones Angulo son los vinculados al once fronterizo.<\/p>\n<p>1.- Rub\u00e9n Bustos. Defensa, 31 a\u00f1os. Naci\u00f3 el 28 de agosto de 1981 en Villa del Rosario. Debut\u00f3 en Am\u00e9rica de Cali. Jug\u00f3 con Atl\u00e9tico Nacional,\u00a0 C\u00facuta Deportivo, Internacional (Brasil), Millonarios y Boyac\u00e1 Chic\u00f3.<\/p>\n<p>2.- Milton Rodr\u00edguez. Delantero, 37 a\u00f1os. Naci\u00f3 el 28 de abril de 1976 en Cali. En Colombia ha jugado\u00a0 en Cortulu\u00e1, Santa Fe, Deportivo Cali, Pereira, Millonarios, Am\u00e9rica, Tolima, Real Cartagena, Huila y Envigado. En el extranjero actu\u00f3 en Newcastle Jets (Australia), Jeonbok Hyundai Motors (Corea del Sur) y F.C. Dallas (Estados Unidos).<\/p>\n<p>3.- Jaime C\u00f3rdoba. Volante, de 25 a\u00f1os. Naci\u00f3 el 7 de mayo de 1988, en Cali. Ha integrado las n\u00f3minas de Atl\u00e9tico J\u00fanior, Nacional, Deportivo Pasto y Am\u00e9rica.<\/p>\n<p>4.- Walter\u00a0 Moreno. Defensa, 35 a\u00f1os. Naci\u00f3 el 18 de mayo de 1978 en Cali. Jug\u00f3 en Pumas de Casanare, C\u00facuta Deportivo, Atl\u00e9tico Nacional, Deportivo T\u00e1chira (Venezuela) y Mineros de Guayana (Venezuela).<\/p>\n<p>5.- Giovanni Garc\u00eda. Lateral izquierdo, 36 a\u00f1os. Naci\u00f3 el 4 de septiembre de 1977 en\u00a0 C\u00facuta. Jug\u00f3 en Deportivo Cali, Real Cartagena, Deportes Tolima, Atl\u00e9tico J\u00fanior, Nacional, Deportes Quind\u00edo, Deportivo Pasto, C\u00facuta Deportivo y Patriotas.<\/p>\n<p>6.- Jhon C\u00f3rdoba. Delantero, 26 a\u00f1os. Naci\u00f3 el 10 de febrero de 1987 en Yuto (Choc\u00f3). Jug\u00f3 en Deportivo Independiente Medell\u00edn, Real Cartagena, Deportivo Lara (Venezuela), Deportivo Petare (Venezuela), Bol\u00edvar (Bolivia) y Trujillanos (Venezuela).<\/p>\n<p>7.- Jeison Qui\u00f1ones. Delantero, 27 a\u00f1os. Naci\u00f3\u00a0 el 17 de septiembre de 1986 en Tumaco (Nari\u00f1o). Jug\u00f3 en Deportes Tolima, Portuguesa (Venezuela), Expreso Rojo, Atl\u00e9tico Huila, \u00c9spoli (Ecuador) y Uni\u00f3n Magdalena.<\/p>\n<p>Foto: ALIRIO PARRA RIVERA <\/p>\n","protected":false},"excerpt":{"rendered":"<p>C\u00daCUTA.- El C\u00facuta Deportivo concret\u00f3 la vinculaci\u00f3n de siete jugadores para encarar el segundo torneo del a\u00f1o del f\u00fatbol profesional colombiano. En la lista aparecen caras conocidas de la afici\u00f3n motilona, por haber lucido la camiseta rojinegra en pasadas ediciones. Milton \u00a0Fabi\u00e1n Rodr\u00edguez Su\u00e1rez, Jaime Miguel C\u00f3rdoba Taborda, Walter Jos\u00e9 Moreno, Juan Giovanni Garc\u00eda Holgu\u00edn, &hellip;<\/p>\n","protected":false},"author":1,"featured_media":18485,"comment_status":"open","ping_status":"open","sticky":false,"template":"","format":"standard","meta":{"footnotes":""},"categories":[28],"tags":[192],"class_list":["post-18484","post","type-post","status-publish","format-standard","has-post-thumbnail","hentry","category-vistazo-deportivo","tag-cucuta-deportivo"],"_links":{"self":[{"href":"https:\/\/contraluzcucuta.co\/index.php?rest_route=\/wp\/v2\/posts\/18484","targetHints":{"allow":["GET"]}}],"collection":[{"href":"https:\/\/contraluzcucuta.co\/index.php?rest_route=\/wp\/v2\/posts"}],"about":[{"href":"https:\/\/contraluzcucuta.co\/index.php?rest_route=\/wp\/v2\/types\/post"}],"author":[{"embeddable":true,"href":"https:\/\/contraluzcucuta.co\/index.php?rest_route=\/wp\/v2\/users\/1"}],"replies":[{"embeddable":true,"href":"https:\/\/contraluzcucuta.co\/index.php?rest_route=%2Fwp%2Fv2%2Fcomments&post=18484"}],"version-history":[{"count":1,"href":"https:\/\/contraluzcucuta.co\/index.php?rest_route=\/wp\/v2\/posts\/18484\/revisions"}],"predecessor-version":[{"id":18486,"href":"https:\/\/contraluzcucuta.co\/index.php?rest_route=\/wp\/v2\/posts\/18484\/revisions\/18486"}],"wp:featuredmedia":[{"embeddable":true,"href":"https:\/\/contraluzcucuta.co\/index.php?rest_route=\/wp\/v2\/media\/18485"}],"wp:attachment":[{"href":"https:\/\/contraluzcucuta.co\/index.php?rest_route=%2Fwp%2Fv2%2Fmedia&parent=18484"}],"wp:term":[{"taxonomy":"category","embeddable":true,"href":"https:\/\/contraluzcucuta.co\/index.php?rest_route=%2Fwp%2Fv2%2Fcategories&post=18484"},{"taxonomy":"post_tag","embeddable":true,"href":"https:\/\/contraluzcucuta.co\/index.php?rest_route=%2Fwp%2Fv2%2Ftags&post=18484"}],"curies":[{"name":"wp","href":"https:\/\/api.w.org\/{rel}","templated":true}]}}