{"id":18460,"date":"2013-07-09T19:27:07","date_gmt":"2013-07-10T00:27:07","guid":{"rendered":"http:\/\/contraluzcucuta.co\/?p=18460"},"modified":"2013-07-09T19:27:07","modified_gmt":"2013-07-10T00:27:07","slug":"santos-contra-santos-o-zuluaga","status":"publish","type":"post","link":"https:\/\/contraluzcucuta.co\/?p=18460","title":{"rendered":"\u00bfSantos contra Santos o Zuluaga?"},"content":{"rendered":"<p>Por estos d\u00edas est\u00e1 reunida en la capital de la rep\u00fablica la comisi\u00f3n concentrada del <i>Puro Centro Democr\u00e1tico<\/i>, a la cabeza del l\u00edder e ide\u00f3logo natural el expresidente \u00c1lvaro Uribe V\u00e9lez, quien visit\u00f3, el fin de semana, a Norte de Santander y se reuni\u00f3 con gobernantes municipales, entre ellos el alcalde de Villa del Rosario, Carlos Socha, y la exalcaldesa de C\u00facuta, Mar\u00eda Eugenia Riascos.<\/p>\n<p>Luego de la cumbre del <i>PCD,<\/i> que busca definir pol\u00edticas con el objetivo de identificar un fuerte candidato para las elecciones presidenciales del 2014, se extender\u00e1n sus vinculados por varias regiones del pa\u00eds en busca de censar y obtener resultados sobre la percepci\u00f3n de si es Oscar Iv\u00e1n Zuluaga o Francisco Santos el contrincante del presidente Juan Manuel Santos, en caso de aspirar a la reelecci\u00f3n.<\/p>\n<p>Algo que s\u00ed est\u00e1 claro es que la oposici\u00f3n radical de Uribe al Gobierno busca soltar en la arena pol\u00edtica a un \u2018gallo\u2019 de no mucho conocimiento, pero s\u00ed de mucha bulla. Por razones propias y de prevenci\u00f3n, para \u00c1lvaro Uribe est\u00e1 claro que el candidato debe ser Oscar Iv\u00e1n Zuluaga, pero Zuluaga no suena mucho a la hora de generar divisi\u00f3n y confrontaci\u00f3n sin precedentes en la historia pol\u00edtica del pa\u00eds, objetivo del expresidente.<\/p>\n<p><b>\u00bfC\u00f3mo queda Colombia?<\/b><\/p>\n<p>Es el interrogante que habr\u00eda por dilucidar a partir de que en un pa\u00eds denominado democr\u00e1tico s\u00f3lo exista un apellido posible para gobernar a casi 50 millones de habitantes, hecho que no va a presentar ninguna se\u00f1al de democracia. Ahora, este pa\u00eds est\u00e1 acostumbrado a llevar al m\u00e1ximo poder a los hijos de apellidos tradicionales, y eso est\u00e1 claro. Quiz\u00e1s los m\u00e1s recientes que rompieron esos est\u00e1ndares fue Gaviria.<\/p>\n<p>No es segura la postulaci\u00f3n de Juan Manuel Santos a la reelecci\u00f3n, quien en diversos espacios privados ha dicho que si \u201cconsigue la paz, no se har\u00e1 reelegir\u201d, pero con el estado actual del proceso de paz lo m\u00e1s posible es que lo encontremos en el tarjet\u00f3n presidencial del 2014.<\/p>\n<p>DEMOCRACIA: \u2018Forma de gobierno en la que el poder pol\u00edtico es ejercido por los ciudadanos\u2019. Es la definici\u00f3n de la Real Academia Espa\u00f1ola. En Colombia, ese poder pol\u00edtico, hace tiempo, la gran mayor\u00eda de ciudadanos lo dej\u00f3 en manos de pocos. El ejemplo ser\u00e1n los pr\u00f3ximos comicios.<\/p>\n<p>&nbsp; <\/p>\n","protected":false},"excerpt":{"rendered":"<p>Por estos d\u00edas est\u00e1 reunida en la capital de la rep\u00fablica la comisi\u00f3n concentrada del Puro Centro Democr\u00e1tico, a la cabeza del l\u00edder e ide\u00f3logo natural el expresidente \u00c1lvaro Uribe V\u00e9lez, quien visit\u00f3, el fin de semana, a Norte de Santander y se reuni\u00f3 con gobernantes municipales, entre ellos el alcalde de Villa del Rosario, &hellip;<\/p>\n","protected":false},"author":1,"featured_media":18461,"comment_status":"open","ping_status":"open","sticky":false,"template":"","format":"standard","meta":{"footnotes":""},"categories":[4,9],"tags":[744,324],"class_list":["post-18460","post","type-post","status-publish","format-standard","has-post-thumbnail","hentry","category-barra","category-politica","tag-francisco-santos","tag-juan-manuel-santos"],"_links":{"self":[{"href":"https:\/\/contraluzcucuta.co\/index.php?rest_route=\/wp\/v2\/posts\/18460","targetHints":{"allow":["GET"]}}],"collection":[{"href":"https:\/\/contraluzcucuta.co\/index.php?rest_route=\/wp\/v2\/posts"}],"about":[{"href":"https:\/\/contraluzcucuta.co\/index.php?rest_route=\/wp\/v2\/types\/post"}],"author":[{"embeddable":true,"href":"https:\/\/contraluzcucuta.co\/index.php?rest_route=\/wp\/v2\/users\/1"}],"replies":[{"embeddable":true,"href":"https:\/\/contraluzcucuta.co\/index.php?rest_route=%2Fwp%2Fv2%2Fcomments&post=18460"}],"version-history":[{"count":1,"href":"https:\/\/contraluzcucuta.co\/index.php?rest_route=\/wp\/v2\/posts\/18460\/revisions"}],"predecessor-version":[{"id":18462,"href":"https:\/\/contraluzcucuta.co\/index.php?rest_route=\/wp\/v2\/posts\/18460\/revisions\/18462"}],"wp:featuredmedia":[{"embeddable":true,"href":"https:\/\/contraluzcucuta.co\/index.php?rest_route=\/wp\/v2\/media\/18461"}],"wp:attachment":[{"href":"https:\/\/contraluzcucuta.co\/index.php?rest_route=%2Fwp%2Fv2%2Fmedia&parent=18460"}],"wp:term":[{"taxonomy":"category","embeddable":true,"href":"https:\/\/contraluzcucuta.co\/index.php?rest_route=%2Fwp%2Fv2%2Fcategories&post=18460"},{"taxonomy":"post_tag","embeddable":true,"href":"https:\/\/contraluzcucuta.co\/index.php?rest_route=%2Fwp%2Fv2%2Ftags&post=18460"}],"curies":[{"name":"wp","href":"https:\/\/api.w.org\/{rel}","templated":true}]}}