{"id":18455,"date":"2013-07-07T21:50:44","date_gmt":"2013-07-08T02:50:44","guid":{"rendered":"http:\/\/contraluzcucuta.co\/?p=18455"},"modified":"2013-07-07T22:08:50","modified_gmt":"2013-07-08T03:08:50","slug":"periodismo-y-su-responsabilidad-en-el-conflicto","status":"publish","type":"post","link":"https:\/\/contraluzcucuta.co\/?p=18455","title":{"rendered":"Periodismo y su responsabilidad en el conflicto"},"content":{"rendered":"<p><b>C\u00daCUTA.-<\/b> Periodistas de C\u00facuta, Oca\u00f1a y El Zulia se capacitaron en la responsabilidad que deben tener a la hora de abordar temas relacionados con el conflicto armado colombiano.<\/p>\n<p>El taller, distribuido en dos jornadas cumplidas en mayo y julio, cont\u00f3 con la vinculaci\u00f3n del Ministerio de las TIC, la Universidad de Antioquia, la Red Periodismo de Hoy y la Unidad para la Atenci\u00f3n y Reparaci\u00f3n Integral a las V\u00edctimas.<\/p>\n<p>Los participantes, adem\u00e1s de la parte te\u00f3rica impartida por profesores Juan Diego Restrepo y Ricardo Cruz, venidos de Medell\u00edn, trabajaron asuntos espec\u00edficos acerca del conflicto en Norte de Santander.<\/p>\n<p>Al final de las 30 horas de capacitaci\u00f3n, los participantes recibieron el diploma de acreditaci\u00f3n firmado por Santiago Amador, del Ministerio de las TIC, y Jaime V\u00e9lez, de la Universidad de Antioquia.<\/p>\n<p>&nbsp; <\/p>\n","protected":false},"excerpt":{"rendered":"<p>C\u00daCUTA.- Periodistas de C\u00facuta, Oca\u00f1a y El Zulia se capacitaron en la responsabilidad que deben tener a la hora de abordar temas relacionados con el conflicto armado colombiano. El taller, distribuido en dos jornadas cumplidas en mayo y julio, cont\u00f3 con la vinculaci\u00f3n del Ministerio de las TIC, la Universidad de Antioquia, la Red Periodismo &hellip;<\/p>\n","protected":false},"author":1,"featured_media":18456,"comment_status":"open","ping_status":"open","sticky":false,"template":"","format":"standard","meta":{"footnotes":""},"categories":[45],"tags":[743,742],"class_list":["post-18455","post","type-post","status-publish","format-standard","has-post-thumbnail","hentry","category-destacado","tag-periodistas-de-cucuta","tag-red-periodismo-de-hoy"],"_links":{"self":[{"href":"https:\/\/contraluzcucuta.co\/index.php?rest_route=\/wp\/v2\/posts\/18455","targetHints":{"allow":["GET"]}}],"collection":[{"href":"https:\/\/contraluzcucuta.co\/index.php?rest_route=\/wp\/v2\/posts"}],"about":[{"href":"https:\/\/contraluzcucuta.co\/index.php?rest_route=\/wp\/v2\/types\/post"}],"author":[{"embeddable":true,"href":"https:\/\/contraluzcucuta.co\/index.php?rest_route=\/wp\/v2\/users\/1"}],"replies":[{"embeddable":true,"href":"https:\/\/contraluzcucuta.co\/index.php?rest_route=%2Fwp%2Fv2%2Fcomments&post=18455"}],"version-history":[{"count":2,"href":"https:\/\/contraluzcucuta.co\/index.php?rest_route=\/wp\/v2\/posts\/18455\/revisions"}],"predecessor-version":[{"id":18458,"href":"https:\/\/contraluzcucuta.co\/index.php?rest_route=\/wp\/v2\/posts\/18455\/revisions\/18458"}],"wp:featuredmedia":[{"embeddable":true,"href":"https:\/\/contraluzcucuta.co\/index.php?rest_route=\/wp\/v2\/media\/18456"}],"wp:attachment":[{"href":"https:\/\/contraluzcucuta.co\/index.php?rest_route=%2Fwp%2Fv2%2Fmedia&parent=18455"}],"wp:term":[{"taxonomy":"category","embeddable":true,"href":"https:\/\/contraluzcucuta.co\/index.php?rest_route=%2Fwp%2Fv2%2Fcategories&post=18455"},{"taxonomy":"post_tag","embeddable":true,"href":"https:\/\/contraluzcucuta.co\/index.php?rest_route=%2Fwp%2Fv2%2Ftags&post=18455"}],"curies":[{"name":"wp","href":"https:\/\/api.w.org\/{rel}","templated":true}]}}