{"id":18234,"date":"2013-06-17T21:48:12","date_gmt":"2013-06-18T02:48:12","guid":{"rendered":"http:\/\/contraluzcucuta.co\/?p=18234"},"modified":"2013-06-17T21:48:12","modified_gmt":"2013-06-18T02:48:12","slug":"semana-santa-de-pamplona-patrimonio-inmaterial-de-la-nacion","status":"publish","type":"post","link":"https:\/\/contraluzcucuta.co\/?p=18234","title":{"rendered":"Semana Santa de Pamplona, patrimonio inmaterial de la naci\u00f3n"},"content":{"rendered":"<p><b>BOGOT\u00c1.-<\/b> La Semana Santa de Pamplona ser\u00e1 patrimonio cultural inmaterial de la Naci\u00f3n. La plenaria de Senado aprob\u00f3 el proyecto de ley presentado por iniciativa del representante a la C\u00e1mara, Carlos Le\u00f3n Celis.<\/p>\n<p>La iniciativa busca fortalecer el turismo religioso y asegurar la protecci\u00f3n, sostenibilidad y promoci\u00f3n, por parte del Estado, de la expresi\u00f3n cultural de los nortesantanderanos.<\/p>\n<p>En los cuatro debates en el Congreso de la Rep\u00fablica, el representante Carlos Le\u00f3n y el senador Carlos Barriga rindieron ponencia positiva. La ley deber\u00e1 ser sancionada por el presidente Juan Manuel Santos.<\/p>\n<p>El proyecto busca una exaltaci\u00f3n mayor de la Semana Santa de Pamplona, que ha logrado el reconocimiento y ha traspasado las fronteras. A\u00f1o tras a\u00f1o lleva a la Ciudad Mitrada cientos de turistas.<\/p>\n<p>Tambi\u00e9n, pretende que los bienes muebles que son parte de la manifestaci\u00f3n religiosa tengan el car\u00e1cter de inter\u00e9s cultural y tendr\u00e1n un plan especial de protecci\u00f3n.<\/p>\n<p>\u201cLa declaratoria de patrimonio de inter\u00e9s cultural les otorga a los bienes muebles un r\u00e9gimen especial de protecci\u00f3n, incluyendo medidas para el inventario, conservaci\u00f3n y restauraci\u00f3n\u201d, dijo Le\u00f3n Celis.<\/p>\n<p>El reconocimiento de la Semana Santa en Pamplona, que data desde el siglo XVI, traer\u00e1 beneficios para fortalecer la fe cat\u00f3lica y permitir\u00e1 mostrar a Colombia y al mundo la riqueza religiosa.<\/p>\n<p>\u201cEl turismo, al igual que la educaci\u00f3n, son los dos pilares econ\u00f3micos que jalonan el desarrollo de Pamplona. De ah\u00ed nuestro inter\u00e9s de asegurar oportunidades de empleo. Muchas familias son atra\u00eddas por la solemnidad de los actos religiosos y el valor hist\u00f3rico y cultural que tienen sus representaciones\u201d, anot\u00f3 Le\u00f3n Celis.<\/p>\n<p>&nbsp; <\/p>\n","protected":false},"excerpt":{"rendered":"<p>BOGOT\u00c1.- La Semana Santa de Pamplona ser\u00e1 patrimonio cultural inmaterial de la Naci\u00f3n. La plenaria de Senado aprob\u00f3 el proyecto de ley presentado por iniciativa del representante a la C\u00e1mara, Carlos Le\u00f3n Celis. La iniciativa busca fortalecer el turismo religioso y asegurar la protecci\u00f3n, sostenibilidad y promoci\u00f3n, por parte del Estado, de la expresi\u00f3n cultural &hellip;<\/p>\n","protected":false},"author":1,"featured_media":18235,"comment_status":"open","ping_status":"open","sticky":false,"template":"","format":"standard","meta":{"footnotes":""},"categories":[45],"tags":[596],"class_list":["post-18234","post","type-post","status-publish","format-standard","has-post-thumbnail","hentry","category-destacado","tag-semana-santa-en-pamplona"],"_links":{"self":[{"href":"https:\/\/contraluzcucuta.co\/index.php?rest_route=\/wp\/v2\/posts\/18234","targetHints":{"allow":["GET"]}}],"collection":[{"href":"https:\/\/contraluzcucuta.co\/index.php?rest_route=\/wp\/v2\/posts"}],"about":[{"href":"https:\/\/contraluzcucuta.co\/index.php?rest_route=\/wp\/v2\/types\/post"}],"author":[{"embeddable":true,"href":"https:\/\/contraluzcucuta.co\/index.php?rest_route=\/wp\/v2\/users\/1"}],"replies":[{"embeddable":true,"href":"https:\/\/contraluzcucuta.co\/index.php?rest_route=%2Fwp%2Fv2%2Fcomments&post=18234"}],"version-history":[{"count":1,"href":"https:\/\/contraluzcucuta.co\/index.php?rest_route=\/wp\/v2\/posts\/18234\/revisions"}],"predecessor-version":[{"id":18236,"href":"https:\/\/contraluzcucuta.co\/index.php?rest_route=\/wp\/v2\/posts\/18234\/revisions\/18236"}],"wp:featuredmedia":[{"embeddable":true,"href":"https:\/\/contraluzcucuta.co\/index.php?rest_route=\/wp\/v2\/media\/18235"}],"wp:attachment":[{"href":"https:\/\/contraluzcucuta.co\/index.php?rest_route=%2Fwp%2Fv2%2Fmedia&parent=18234"}],"wp:term":[{"taxonomy":"category","embeddable":true,"href":"https:\/\/contraluzcucuta.co\/index.php?rest_route=%2Fwp%2Fv2%2Fcategories&post=18234"},{"taxonomy":"post_tag","embeddable":true,"href":"https:\/\/contraluzcucuta.co\/index.php?rest_route=%2Fwp%2Fv2%2Ftags&post=18234"}],"curies":[{"name":"wp","href":"https:\/\/api.w.org\/{rel}","templated":true}]}}