{"id":18231,"date":"2013-06-17T21:31:28","date_gmt":"2013-06-18T02:31:28","guid":{"rendered":"http:\/\/contraluzcucuta.co\/?p=18231"},"modified":"2013-06-17T21:31:28","modified_gmt":"2013-06-18T02:31:28","slug":"la-muchachada-celebro-los-280-anos-de-cucuta","status":"publish","type":"post","link":"https:\/\/contraluzcucuta.co\/?p=18231","title":{"rendered":"La muchachada celebr\u00f3 los 280 a\u00f1os de C\u00facuta"},"content":{"rendered":"<p><b>C\u00daCUTA.-<\/b> Tatiana se visti\u00f3 de ind\u00edgena, baj\u00f3 de La Libertad y lleg\u00f3 hasta el estadio General Santander para participar en la celebraci\u00f3n de los 280 a\u00f1os de C\u00facuta. Al igual que muchos estudiantes de los colegios oficiales locales, mantendr\u00e1 en el recuerdo este momento hist\u00f3rico.<\/p>\n<p>Los cucute\u00f1os despertaron, este 17 de junio, con la bandera rojinegra izada para saludar a do\u00f1a Juana Rangel de Cu\u00e9llar, la pamplonesa que don\u00f3 parte de sus tierras para darle paso al caser\u00edo que despu\u00e9s se convertir\u00eda en ciudad y luego en capital de Norte de Santander.<\/p>\n<p>La fiesta la vivieron los j\u00f3venes que marcharon desde la Terminal de Trasportes, el Ventura Plaza y el parque Santander hasta el escenario deportivo. Pocos fueron los adultos que acompa\u00f1aron el acto conmemorativo.<\/p>\n<p>Treinta bandas de paz marcaron los recorridos desde los puntos de salida. El sonar de bombos, platillos, redoblantes y trompetas no fue suficiente para despertar entre los mayores la curiosidad para hacerlos caminar hasta el punto de encuentro.<\/p>\n<p>El sol de la ma\u00f1ana, en pleno verano cucute\u00f1o, castig\u00f3 a los estudiantes de grados superiores, aunque no los dobleg\u00f3. Los muchachos se mantuvieron erguidos, mientras luc\u00edan el color distintivo del uniforme de cada colegio.<\/p>\n<p>Adentro, en el General, muchos debutaron en los grader\u00edos de Sur y Oriental, especialmente. Vivieron con placer la novatada y admiraron el campo de juego, en el que se ha escrito la historia del C\u00facuta Deportivo.<\/p>\n<p>La tribuna destinada a la \u2018Banda del Indio\u2019 se llen\u00f3 de alumnos, que tuvieron un comportamiento diametralmente opuesto al que reina en las jornadas futboleras. Los c\u00e1nticos, los saltos y los estribillos se cambiaron por saludos, gritos normales y murmullos.<\/p>\n<p>El humo que marea no se vio. Los insultos a los visitantes no se escucharon. Los trapos tendidos de arriba abajo no descolgaron en esta oportunidad. La inocencia se pase\u00f3 tranquila por las gradas y dej\u00f3 apreciar el espect\u00e1culo.<\/p>\n<p>En la antigua tribuna de Sol las pancartas de las barras desaparecieron para dar paso a uno que otro estandarte de los colegios. Las cornetas de aire comprimido se cambiaron por los instrumentos de las bandas de paz. La camiseta rojinegra fue opacada por las franelas de los uniformes.<\/p>\n<p>Y en la cancha no hubo jugadas ni jugadores. Hombres y mujeres integrantes de las bandas se pasearon tranquilos por sobre la gramilla sin temor a da\u00f1arla o a causarle sobre peso. Lo importante era estar en el momento preciso para recibir computadores para el plantel, como reconocimiento a la participaci\u00f3n, y aspirar a subir al podio para llevarse unos millones para la compra de instrumentos. Solo ganaron cuatro instituciones.<\/p>\n<p>Al promediar la ma\u00f1ana, los estudiantes comenzaron el regreso al colegio. A partir de ese momento empezaban a gozar del periodo de vacaciones. Tatiana se perdi\u00f3 entre la multitud para volver a La Libertad. La pr\u00f3xima cita con la historia ser\u00e1 dentro de 20 a\u00f1os, cuando C\u00facuta cumpla tres siglos de vida.<\/p>\n<p><b>RAFAEL ANTONIO PAB\u00d3N<\/b><\/p>\n<p><a href=\"mailto:rafaelpabon58@hotmail.com\">rafaelpabon58@hotmail.com<\/a><\/p>\n<p>&nbsp; <\/p>\n","protected":false},"excerpt":{"rendered":"<p>C\u00daCUTA.- Tatiana se visti\u00f3 de ind\u00edgena, baj\u00f3 de La Libertad y lleg\u00f3 hasta el estadio General Santander para participar en la celebraci\u00f3n de los 280 a\u00f1os de C\u00facuta. Al igual que muchos estudiantes de los colegios oficiales locales, mantendr\u00e1 en el recuerdo este momento hist\u00f3rico. Los cucute\u00f1os despertaron, este 17 de junio, con la bandera &hellip;<\/p>\n","protected":false},"author":1,"featured_media":18232,"comment_status":"open","ping_status":"open","sticky":false,"template":"","format":"standard","meta":{"footnotes":""},"categories":[10,4],"tags":[677],"class_list":["post-18231","post","type-post","status-publish","format-standard","has-post-thumbnail","hentry","category-cronicas","category-barra","tag-cucuta-280-anos"],"_links":{"self":[{"href":"https:\/\/contraluzcucuta.co\/index.php?rest_route=\/wp\/v2\/posts\/18231","targetHints":{"allow":["GET"]}}],"collection":[{"href":"https:\/\/contraluzcucuta.co\/index.php?rest_route=\/wp\/v2\/posts"}],"about":[{"href":"https:\/\/contraluzcucuta.co\/index.php?rest_route=\/wp\/v2\/types\/post"}],"author":[{"embeddable":true,"href":"https:\/\/contraluzcucuta.co\/index.php?rest_route=\/wp\/v2\/users\/1"}],"replies":[{"embeddable":true,"href":"https:\/\/contraluzcucuta.co\/index.php?rest_route=%2Fwp%2Fv2%2Fcomments&post=18231"}],"version-history":[{"count":1,"href":"https:\/\/contraluzcucuta.co\/index.php?rest_route=\/wp\/v2\/posts\/18231\/revisions"}],"predecessor-version":[{"id":18233,"href":"https:\/\/contraluzcucuta.co\/index.php?rest_route=\/wp\/v2\/posts\/18231\/revisions\/18233"}],"wp:featuredmedia":[{"embeddable":true,"href":"https:\/\/contraluzcucuta.co\/index.php?rest_route=\/wp\/v2\/media\/18232"}],"wp:attachment":[{"href":"https:\/\/contraluzcucuta.co\/index.php?rest_route=%2Fwp%2Fv2%2Fmedia&parent=18231"}],"wp:term":[{"taxonomy":"category","embeddable":true,"href":"https:\/\/contraluzcucuta.co\/index.php?rest_route=%2Fwp%2Fv2%2Fcategories&post=18231"},{"taxonomy":"post_tag","embeddable":true,"href":"https:\/\/contraluzcucuta.co\/index.php?rest_route=%2Fwp%2Fv2%2Ftags&post=18231"}],"curies":[{"name":"wp","href":"https:\/\/api.w.org\/{rel}","templated":true}]}}