{"id":18225,"date":"2013-06-17T20:37:51","date_gmt":"2013-06-18T01:37:51","guid":{"rendered":"http:\/\/contraluzcucuta.co\/?p=18225"},"modified":"2013-06-17T20:37:51","modified_gmt":"2013-06-18T01:37:51","slug":"seis-municipios-eximen-de-pago-del-predial-a-victimas-del-conflicto","status":"publish","type":"post","link":"https:\/\/contraluzcucuta.co\/?p=18225","title":{"rendered":"Seis municipios eximen de pago del predial a v\u00edctimas del conflicto"},"content":{"rendered":"<p><b>C\u00daCUTA.-<\/b> \u00a0Seis municipios de Norte de Santander eximir\u00e1n del pago del impuesto predial a los beneficiados con la Ley de Restituci\u00f3n de Tierras, como parte del avance de una serie de convenios con las entidades encargadas de permitir la reparaci\u00f3n integral de las v\u00edctimas restituidas. Adem\u00e1s, se prepara un acuerdo con el Incoder en materia de proyectos productivos.<\/p>\n<p>En materia de recolecci\u00f3n de solicitudes de restituci\u00f3n, en el departamento alcanzan las 2194 en el registro de ingreso, y que corresponden a 107.690 hect\u00e1reas de tierra reclamada en al menos siete zonas microfocalizadas.<\/p>\n<p>Para garantizar la reparaci\u00f3n integral de las v\u00edctimas restituidas, la Ley contempla una serie de medidas para que quienes \u00a0retornen a los predios. Entre los beneficios destacan:<\/p>\n<p>1.- Creaci\u00f3n de proyectos productivos<\/p>\n<p>2.- Alivio de pasivos o condonaci\u00f3n de deudas<\/p>\n<p>3.- Construcci\u00f3n de vivienda<\/p>\n<p>4.- Incremento de la seguridad<\/p>\n<p>5.- Programas de educaci\u00f3n y salud.<\/p>\n<p>Entre el 14 y 15 de junio, se cumpli\u00f3 el Primer Foro Departamental de Rendici\u00f3n de Cuentas a Organizaciones de V\u00edctimas, en la Universidad Libre, en C\u00facuta.<\/p>\n<p>La convocatoria estuvo a cargo de la Mesa Departamental de V\u00edctimas y el Movimiento de Cr\u00edmenes de Estado (Movice). Treinta organizaciones sociales de base de la regi\u00f3n, entre cuyos asociados se encuentran personas en situaci\u00f3n de desplazamiento a causa del despojo y el abandono forzado, conocieron de primera mano el estado y los avances de la implementaci\u00f3n de la Ley 1448, en Norte de Santander.<\/p>\n<p>Los directivos o representantes de organismos oficiales relacionados con la ley expusieron el proceso gubernamental de atenci\u00f3n a v\u00edctimas. Luego, se escucharon y resolvieron inquietudes.<\/p>\n<p>La agenda de la actividad incluy\u00f3 paneles tem\u00e1ticos relacionados con:<\/p>\n<p>1.- La estabilizaci\u00f3n socioecon\u00f3mica<\/p>\n<p>2.- Restituci\u00f3n de tierras<\/p>\n<p>3.- Impunidad, prevenci\u00f3n y protecci\u00f3n<\/p>\n<p>4.- Pol\u00edtica p\u00fablica y participaci\u00f3n de las v\u00edctimas.<\/p>\n<p>En el foro participaron representantes del Ministerio de Trabajo, la Gobernaci\u00f3n de Norte de Santander, la Alcald\u00eda de C\u00facuta, la Polic\u00eda, el Ej\u00e9rcito, la Fiscal\u00eda, el Sena, el Icbf, el Incoder, la Unidad de V\u00edctimas y la Unidad de Restituci\u00f3n de Tierras. <\/p>\n","protected":false},"excerpt":{"rendered":"<p>C\u00daCUTA.- \u00a0Seis municipios de Norte de Santander eximir\u00e1n del pago del impuesto predial a los beneficiados con la Ley de Restituci\u00f3n de Tierras, como parte del avance de una serie de convenios con las entidades encargadas de permitir la reparaci\u00f3n integral de las v\u00edctimas restituidas. Adem\u00e1s, se prepara un acuerdo con el Incoder en materia &hellip;<\/p>\n","protected":false},"author":1,"featured_media":18226,"comment_status":"open","ping_status":"open","sticky":false,"template":"","format":"standard","meta":{"footnotes":""},"categories":[4,5],"tags":[704,669],"class_list":["post-18225","post","type-post","status-publish","format-standard","has-post-thumbnail","hentry","category-barra","category-justicia-transicional","tag-ley-1448","tag-restitucion-de-tierras-en-norte-de-santander"],"_links":{"self":[{"href":"https:\/\/contraluzcucuta.co\/index.php?rest_route=\/wp\/v2\/posts\/18225","targetHints":{"allow":["GET"]}}],"collection":[{"href":"https:\/\/contraluzcucuta.co\/index.php?rest_route=\/wp\/v2\/posts"}],"about":[{"href":"https:\/\/contraluzcucuta.co\/index.php?rest_route=\/wp\/v2\/types\/post"}],"author":[{"embeddable":true,"href":"https:\/\/contraluzcucuta.co\/index.php?rest_route=\/wp\/v2\/users\/1"}],"replies":[{"embeddable":true,"href":"https:\/\/contraluzcucuta.co\/index.php?rest_route=%2Fwp%2Fv2%2Fcomments&post=18225"}],"version-history":[{"count":1,"href":"https:\/\/contraluzcucuta.co\/index.php?rest_route=\/wp\/v2\/posts\/18225\/revisions"}],"predecessor-version":[{"id":18227,"href":"https:\/\/contraluzcucuta.co\/index.php?rest_route=\/wp\/v2\/posts\/18225\/revisions\/18227"}],"wp:featuredmedia":[{"embeddable":true,"href":"https:\/\/contraluzcucuta.co\/index.php?rest_route=\/wp\/v2\/media\/18226"}],"wp:attachment":[{"href":"https:\/\/contraluzcucuta.co\/index.php?rest_route=%2Fwp%2Fv2%2Fmedia&parent=18225"}],"wp:term":[{"taxonomy":"category","embeddable":true,"href":"https:\/\/contraluzcucuta.co\/index.php?rest_route=%2Fwp%2Fv2%2Fcategories&post=18225"},{"taxonomy":"post_tag","embeddable":true,"href":"https:\/\/contraluzcucuta.co\/index.php?rest_route=%2Fwp%2Fv2%2Ftags&post=18225"}],"curies":[{"name":"wp","href":"https:\/\/api.w.org\/{rel}","templated":true}]}}