{"id":18219,"date":"2013-06-17T19:51:05","date_gmt":"2013-06-18T00:51:05","guid":{"rendered":"http:\/\/contraluzcucuta.co\/?p=18219"},"modified":"2013-06-17T19:51:05","modified_gmt":"2013-06-18T00:51:05","slug":"esta-es-una-maravillosa-celebracion-viceministra-de-las-tic","status":"publish","type":"post","link":"https:\/\/contraluzcucuta.co\/?p=18219","title":{"rendered":"\u201cEsta es una maravillosa celebraci\u00f3n\u201d: Viceministra de las TIC"},"content":{"rendered":"<p><b>C\u00daCUTA.-<\/b> Millares de j\u00f3venes ocuparon los grader\u00edos del estadio General Santander para participar en la celebraci\u00f3n de los 280 a\u00f1os de C\u00facuta. Los actos comenzaron con la ofrenda floral en el parque Juana Rangel de Cu\u00e9llar. Luego, 40 bandas por la paz recorrieron calles y avenidas para llegar al punto de encuentro.<\/p>\n<p>La viceministra de las Tecnolog\u00edas de la Informaci\u00f3n y la Comunicaci\u00f3n, Mar\u00eda Carolina Hoyos, acompa\u00f1\u00f3 la actividad.<\/p>\n<p>Las bandas partieron de la glorieta de la Terminal de Trasportes, el Ventura Plaza y el parque Santander. En el estadio se llev\u00f3 a cabo la premiaci\u00f3n. El primer lugar fue para el colegio Andr\u00e9s Bello, que recibi\u00f3 $ 3,0 millones para la compra de instrumentos; segundo, para el Sagrado Coraz\u00f3n de Jes\u00fas, que recibi\u00f3 $ 2,0 millones; el tercero, el Toledo Plata, que gan\u00f3 $ 1,0 mill\u00f3n, y el cuarto, el Jaime Garz\u00f3n, $500.000.<\/p>\n<p>Durante la celebraci\u00f3n se entregaron 59 computadores port\u00e1tiles para establecimientos educativos, en cumplimiento del programa \u2018Hagamos la tarea\u2019, que premia a aquellos estudiantes que se destacaron por mantener notas superiores.<\/p>\n<p>Antes de culminar el 2013, se entregar\u00e1n 1600 computadores. En el 2012, se donaron 1200.<\/p>\n<p>La viceministra Mar\u00eda Carolina Hoyos entreg\u00f3 310 computadores a 9 instituciones educativas oficiales de la ciudad. \u201cEl presidente Juan Manuel Santos Calder\u00f3n busca el mejoramiento en la calidad de la educaci\u00f3n\u201d, dijo.<\/p>\n<p>\u201cEsta es una maravillosa celebraci\u00f3n. Me llena de felicidad ver c\u00f3mo los j\u00f3venes son los protagonistas y c\u00f3mo el Alcalde de C\u00facuta los vincula a esta conmemoraci\u00f3n. $ 14.000 millones ser\u00e1n invertidos este a\u00f1o en la entrega de equipos tecnol\u00f3gicos a instituciones p\u00fablicas de C\u00facuta\u201d, se\u00f1al\u00f3.<\/p>\n<p>Entre los regalos para C\u00facuta, anunciados por el alcalde Donamaris Ram\u00edrez, est\u00e1n la construcci\u00f3n del parque C\u00facuta 300 a\u00f1os, la recuperaci\u00f3n, mejoramiento y embellecimiento de El Malec\u00f3n y del Parque Playa.<\/p>\n<p>&nbsp; <\/p>\n","protected":false},"excerpt":{"rendered":"<p>C\u00daCUTA.- Millares de j\u00f3venes ocuparon los grader\u00edos del estadio General Santander para participar en la celebraci\u00f3n de los 280 a\u00f1os de C\u00facuta. Los actos comenzaron con la ofrenda floral en el parque Juana Rangel de Cu\u00e9llar. Luego, 40 bandas por la paz recorrieron calles y avenidas para llegar al punto de encuentro. La viceministra de &hellip;<\/p>\n","protected":false},"author":1,"featured_media":18220,"comment_status":"open","ping_status":"open","sticky":false,"template":"","format":"standard","meta":{"footnotes":""},"categories":[541,4],"tags":[677],"class_list":["post-18219","post","type-post","status-publish","format-standard","has-post-thumbnail","hentry","category-ciudad","category-barra","tag-cucuta-280-anos"],"_links":{"self":[{"href":"https:\/\/contraluzcucuta.co\/index.php?rest_route=\/wp\/v2\/posts\/18219","targetHints":{"allow":["GET"]}}],"collection":[{"href":"https:\/\/contraluzcucuta.co\/index.php?rest_route=\/wp\/v2\/posts"}],"about":[{"href":"https:\/\/contraluzcucuta.co\/index.php?rest_route=\/wp\/v2\/types\/post"}],"author":[{"embeddable":true,"href":"https:\/\/contraluzcucuta.co\/index.php?rest_route=\/wp\/v2\/users\/1"}],"replies":[{"embeddable":true,"href":"https:\/\/contraluzcucuta.co\/index.php?rest_route=%2Fwp%2Fv2%2Fcomments&post=18219"}],"version-history":[{"count":1,"href":"https:\/\/contraluzcucuta.co\/index.php?rest_route=\/wp\/v2\/posts\/18219\/revisions"}],"predecessor-version":[{"id":18221,"href":"https:\/\/contraluzcucuta.co\/index.php?rest_route=\/wp\/v2\/posts\/18219\/revisions\/18221"}],"wp:featuredmedia":[{"embeddable":true,"href":"https:\/\/contraluzcucuta.co\/index.php?rest_route=\/wp\/v2\/media\/18220"}],"wp:attachment":[{"href":"https:\/\/contraluzcucuta.co\/index.php?rest_route=%2Fwp%2Fv2%2Fmedia&parent=18219"}],"wp:term":[{"taxonomy":"category","embeddable":true,"href":"https:\/\/contraluzcucuta.co\/index.php?rest_route=%2Fwp%2Fv2%2Fcategories&post=18219"},{"taxonomy":"post_tag","embeddable":true,"href":"https:\/\/contraluzcucuta.co\/index.php?rest_route=%2Fwp%2Fv2%2Ftags&post=18219"}],"curies":[{"name":"wp","href":"https:\/\/api.w.org\/{rel}","templated":true}]}}