{"id":18206,"date":"2013-06-16T21:40:22","date_gmt":"2013-06-17T02:40:22","guid":{"rendered":"http:\/\/contraluzcucuta.co\/?p=18206"},"modified":"2013-06-16T21:40:22","modified_gmt":"2013-06-17T02:40:22","slug":"eps-tienen-deficit-de-400-camillas-para-atender-a-los-cucutenos","status":"publish","type":"post","link":"https:\/\/contraluzcucuta.co\/?p=18206","title":{"rendered":"EPS tienen d\u00e9ficit de 400 camillas para atender a los cucute\u00f1os"},"content":{"rendered":"<p><b>C\u00daCUTA.-<\/b> El d\u00e9ficit de camillas para atender a los pacientes cucute\u00f1os en las EPS asciende a 400. Hace 25 a\u00f1os no se incrementa el n\u00famero mientras que la poblaci\u00f3n de la ciudad aument\u00f3. La denuncia la hizo el gerente de Caprecom, Alonso Velloj\u00edn, en el Concejo de C\u00facuta.<\/p>\n<p>La corporaci\u00f3n llam\u00f3 a control pol\u00edtico a la Secretar\u00eda de Salud. La intervenci\u00f3n de Imsalud se aplaz\u00f3 para el 21 de junio. El problema de la salud es cuesti\u00f3n del sistema y no del personal que trabaja en las instituciones municipales, es una de las conclusiones de la reuni\u00f3n.<\/p>\n<p>\u201cC\u00facuta no tiene capacidad resolutiva para casos complejos\u201d como los ocurridos con el AH1N1, reconoci\u00f3 Velloj\u00edn. \u201cTengo confianza en los funcionarios que manejan el tema de la salud en la ciudad\u201d, dijo el representante de las\u00a0 empresas.<\/p>\n<p>La secretaria de salud Patricia R\u00edos Cu\u00e9llar \u00a0expuso el plan de acci\u00f3n del despacho. Entre los objetivos de la dependencia est\u00e1 dar cumplimiento a la aplicaci\u00f3n del esquema de vacunaci\u00f3n, continuar con el proceso de inmunizaci\u00f3n del papiloma humano en ni\u00f1as entre los 9 y 15 a\u00f1os de manera gratuita y garantizar el servicio a los ciudadanos.<\/p>\n<p>Los concejales expresaron preocupaci\u00f3n por las muertes ocurridas en la capital de Norte de Santander por falta de atenci\u00f3n y prestaci\u00f3n en el servicio y los mecanismos de prevenci\u00f3n y promoci\u00f3n para evitar la propagaci\u00f3n de enfermedades respiratorias agudas.<\/p>\n<p>&nbsp; <\/p>\n","protected":false},"excerpt":{"rendered":"<p>C\u00daCUTA.- El d\u00e9ficit de camillas para atender a los pacientes cucute\u00f1os en las EPS asciende a 400. Hace 25 a\u00f1os no se incrementa el n\u00famero mientras que la poblaci\u00f3n de la ciudad aument\u00f3. La denuncia la hizo el gerente de Caprecom, Alonso Velloj\u00edn, en el Concejo de C\u00facuta. La corporaci\u00f3n llam\u00f3 a control pol\u00edtico a &hellip;<\/p>\n","protected":false},"author":1,"featured_media":18207,"comment_status":"open","ping_status":"open","sticky":false,"template":"","format":"standard","meta":{"footnotes":""},"categories":[6],"tags":[352],"class_list":["post-18206","post","type-post","status-publish","format-standard","has-post-thumbnail","hentry","category-ojo-avizor","tag-eps-cucuta"],"_links":{"self":[{"href":"https:\/\/contraluzcucuta.co\/index.php?rest_route=\/wp\/v2\/posts\/18206","targetHints":{"allow":["GET"]}}],"collection":[{"href":"https:\/\/contraluzcucuta.co\/index.php?rest_route=\/wp\/v2\/posts"}],"about":[{"href":"https:\/\/contraluzcucuta.co\/index.php?rest_route=\/wp\/v2\/types\/post"}],"author":[{"embeddable":true,"href":"https:\/\/contraluzcucuta.co\/index.php?rest_route=\/wp\/v2\/users\/1"}],"replies":[{"embeddable":true,"href":"https:\/\/contraluzcucuta.co\/index.php?rest_route=%2Fwp%2Fv2%2Fcomments&post=18206"}],"version-history":[{"count":1,"href":"https:\/\/contraluzcucuta.co\/index.php?rest_route=\/wp\/v2\/posts\/18206\/revisions"}],"predecessor-version":[{"id":18208,"href":"https:\/\/contraluzcucuta.co\/index.php?rest_route=\/wp\/v2\/posts\/18206\/revisions\/18208"}],"wp:featuredmedia":[{"embeddable":true,"href":"https:\/\/contraluzcucuta.co\/index.php?rest_route=\/wp\/v2\/media\/18207"}],"wp:attachment":[{"href":"https:\/\/contraluzcucuta.co\/index.php?rest_route=%2Fwp%2Fv2%2Fmedia&parent=18206"}],"wp:term":[{"taxonomy":"category","embeddable":true,"href":"https:\/\/contraluzcucuta.co\/index.php?rest_route=%2Fwp%2Fv2%2Fcategories&post=18206"},{"taxonomy":"post_tag","embeddable":true,"href":"https:\/\/contraluzcucuta.co\/index.php?rest_route=%2Fwp%2Fv2%2Ftags&post=18206"}],"curies":[{"name":"wp","href":"https:\/\/api.w.org\/{rel}","templated":true}]}}