{"id":18195,"date":"2013-06-16T19:51:53","date_gmt":"2013-06-17T00:51:53","guid":{"rendered":"http:\/\/contraluzcucuta.co\/?p=18195"},"modified":"2013-06-16T19:51:53","modified_gmt":"2013-06-17T00:51:53","slug":"identidad-y-pertenencia-de-ahora-y-para-siempre","status":"publish","type":"post","link":"https:\/\/contraluzcucuta.co\/?p=18195","title":{"rendered":"Identidad y pertenencia de ahora y para siempre"},"content":{"rendered":"<p>1.- La celebraci\u00f3n de los 280 a\u00f1os de C\u00facuta es una oportunidad especial, para proyectar en el tiempo no solo su origen o comienzo sino todas las etapas en el desarrollo &#8211; incluida la destrucci\u00f3n en 1875. Y as\u00ed evaluar el proceso de la existencia, desde el 17 de Junio de 1733, cuando se protocolizaron los actos constitutivos del nacimiento, sin olvidar cu\u00e1nto signific\u00f3 y representa la heredad ind\u00edgena, la conquista espa\u00f1ola y la conformaci\u00f3n de lo que es como\u00a0 n\u00facleo social.<\/p>\n<p>Y, adem\u00e1s, tratar de incursionar sobre las perspectivas que insin\u00faa el futuro, en orden a la ubicaci\u00f3n y a las condiciones, caracter\u00edsticas y circunstancias que la definen y determinan, y\u00a0 por la accesi\u00f3n e influjo de factores externos y concomitantes, en raz\u00f3n a las delimitaciones pol\u00edticas, econ\u00f3micas y sociales nacionales e internacionales que enmarcan y tipifican su presencia y latencias.<\/p>\n<p>2.-Penetrar en lo que ha sido, es constatar que la historia tiene implicaciones y ramificaciones con lo viviente y en cualquier sitio o lugar. Y que nada escapa a un an\u00e1lisis detallado, si se coaligan los hechos y sucesos que constituyeron obligada referencia o fueron parte integral de alg\u00fan\u00a0 acontecimiento que congreg\u00f3 la voluntad de muchos.<\/p>\n<p>Hoy, atraviesa uno de los momentos de m\u00e1s compleja valoraci\u00f3n y comprensi\u00f3n y de dif\u00edcil soluci\u00f3n, porque los factores que tienen incidencia en el Viejo Continente y en distintas partes del planeta, tambi\u00e9n se manifiestan aqu\u00ed como son el desempleo, la urgente y moderna capacitaci\u00f3n y la necesidad de\u00a0 una gesti\u00f3n asociada y compartida, que permita mediante\u00a0 la trasformaci\u00f3n de actitudes y conductas irrumpir en empe\u00f1os mayores a los primarios del comercio y que aceleren la inversi\u00f3n, la generaci\u00f3n de empleo y el mejoramiento infraestructural\u00a0 de los servicios que se requieren para implementar acciones y pol\u00edticas de trascendencia.<\/p>\n<p>3.-Por ser eje y muy importante de la ciudadela internacional que de manera espont\u00e1nea aflora y tiende a consolidarse y buscar amplios horizontes en la zona central de la frontera colombo-venezolana, son previsibles cambios espec\u00edficos que involucren a lo regional y\u00a0 al concierto nacional- en todas sus calificaciones- \u00a0a entidades y personas de diferentes nacionalidades.<\/p>\n<p>Por eso, en una fecha como la de hoy, en lo individual y colectivo debiera hacerse una introspecci\u00f3n personal y de grupo, en la que con sincera expresi\u00f3n y convicci\u00f3n, sin exclusiones de g\u00e9nero, edad o estado, y de manera voluntaria y franca, responder a las siguientes preguntas y observaciones:<\/p>\n<p>\u00bfCu\u00e1l ha sido su aporte a la historia cultural\u00a0 y desenvolvimiento de la ciudad?<\/p>\n<p>\u00bfQu\u00e9 representan su nombre y apellidos junto al de los integrantes de\u00a0 su\u00a0 familia en el progreso y querer ser de la urbe?<\/p>\n<p>\u00bfC\u00f3mo representa la identidad y el esp\u00edritu de pertenencia en su diario obrar?<\/p>\n<p>\u00bfPor su esfuerzo, dedicaci\u00f3n y cooperaci\u00f3n\u00a0 podr\u00eda complacerse en considerar que ha aportado al progreso de C\u00facuta?<\/p>\n<p>\u00bfQuisiera agregarle algo al diario vivir y que beneficie a los pobladores de C\u00facuta?<\/p>\n<p>Que los positivos prop\u00f3sitos y vivencias de la ciudadan\u00eda cucute\u00f1a constituyan y den vigencia a la fuerza trasformadora y motora que dar\u00e1 aliento y desarrollo a ese\u00a0 gran futuro que se anhela, debe sintetizar\u00a0 la actitud y gesti\u00f3n, de ahora y para siempre.<\/p>\n<p><b>JOS\u00c9 NEIRA REY <\/b><\/p>\n<p><a href=\"mailto:jneirarey@hotmail.com\">jneirarey@hotmail.com<\/a><\/p>\n<p><b>Notas al margen<\/b><\/p>\n<p><b>\u00a0<\/b> <\/p>\n","protected":false},"excerpt":{"rendered":"<p>1.- La celebraci\u00f3n de los 280 a\u00f1os de C\u00facuta es una oportunidad especial, para proyectar en el tiempo no solo su origen o comienzo sino todas las etapas en el desarrollo &#8211; incluida la destrucci\u00f3n en 1875. Y as\u00ed evaluar el proceso de la existencia, desde el 17 de Junio de 1733, cuando se protocolizaron &hellip;<\/p>\n","protected":false},"author":1,"featured_media":18197,"comment_status":"open","ping_status":"open","sticky":false,"template":"","format":"standard","meta":{"footnotes":""},"categories":[14,4],"tags":[303],"class_list":["post-18195","post","type-post","status-publish","format-standard","has-post-thumbnail","hentry","category-articulistas","category-barra","tag-jose-neira-rey"],"_links":{"self":[{"href":"https:\/\/contraluzcucuta.co\/index.php?rest_route=\/wp\/v2\/posts\/18195","targetHints":{"allow":["GET"]}}],"collection":[{"href":"https:\/\/contraluzcucuta.co\/index.php?rest_route=\/wp\/v2\/posts"}],"about":[{"href":"https:\/\/contraluzcucuta.co\/index.php?rest_route=\/wp\/v2\/types\/post"}],"author":[{"embeddable":true,"href":"https:\/\/contraluzcucuta.co\/index.php?rest_route=\/wp\/v2\/users\/1"}],"replies":[{"embeddable":true,"href":"https:\/\/contraluzcucuta.co\/index.php?rest_route=%2Fwp%2Fv2%2Fcomments&post=18195"}],"version-history":[{"count":1,"href":"https:\/\/contraluzcucuta.co\/index.php?rest_route=\/wp\/v2\/posts\/18195\/revisions"}],"predecessor-version":[{"id":18198,"href":"https:\/\/contraluzcucuta.co\/index.php?rest_route=\/wp\/v2\/posts\/18195\/revisions\/18198"}],"wp:featuredmedia":[{"embeddable":true,"href":"https:\/\/contraluzcucuta.co\/index.php?rest_route=\/wp\/v2\/media\/18197"}],"wp:attachment":[{"href":"https:\/\/contraluzcucuta.co\/index.php?rest_route=%2Fwp%2Fv2%2Fmedia&parent=18195"}],"wp:term":[{"taxonomy":"category","embeddable":true,"href":"https:\/\/contraluzcucuta.co\/index.php?rest_route=%2Fwp%2Fv2%2Fcategories&post=18195"},{"taxonomy":"post_tag","embeddable":true,"href":"https:\/\/contraluzcucuta.co\/index.php?rest_route=%2Fwp%2Fv2%2Ftags&post=18195"}],"curies":[{"name":"wp","href":"https:\/\/api.w.org\/{rel}","templated":true}]}}