{"id":18192,"date":"2013-06-15T20:18:01","date_gmt":"2013-06-16T01:18:01","guid":{"rendered":"http:\/\/contraluzcucuta.co\/?p=18192"},"modified":"2013-06-16T19:53:59","modified_gmt":"2013-06-17T00:53:59","slug":"feliz-dia-del-padre","status":"publish","type":"post","link":"https:\/\/contraluzcucuta.co\/?p=18192","title":{"rendered":"\u00a1Feliz D\u00eda del Padre!"},"content":{"rendered":"<p>El g\u00e9nero humano no para de inventar, de crear, de imaginar, de descubrir y eso es muy bueno porque ratifica que si estamos en el mundo y somos sobrevivientes\u00a0 es gracias a la inteligencia, que se clasifica seg\u00fan los estudiosos, en diversos tipos, entre diez y ocho, encabezados por la inteligencia ling\u00fc\u00edstica, la inteligencia matem\u00e1tica, la emocional, la espacial, la musical, cenest\u00e9sica, interpersonal, intrapersonal, naturalista.<\/p>\n<p>A prop\u00f3sito de ello, piensa uno en aquello de ser padre, y entonces concluye que los padres deben tener para poder ser buenos en la lid de criar y educar v\u00e1stagos, una mezcla de esos tipos de inteligencia, puesto que un padre sin inteligencia ling\u00fc\u00edstica, propia de poetas y de l\u00edderes y de oradores, entre otros, no podr\u00eda convencer a su hija adolescente de que cuando vaya a paseo por tres d\u00edas a la finca de los t\u00edos de su amigo Tat\u00e1n, tenga mucho cuidado con los carros, o c\u00f3mo pedirle a su hijo de manera muy respetuosa que no lo llame \u201cCucho\u201d frente a sus compa\u00f1eros de trabajo o amigos; y un padre debe tener la inteligencia matem\u00e1tica porque sin ella, c\u00f3mo proveer a sus cr\u00edos de cuanto aparato moderno se inventa, ropa de marca sale y comida se anuncia, y naturalmente la inteligencia emocional que no es otra cosa que el agregado de buenos o malos recuerdos, el sentido de planificar y el control de la sensibilidad, tan necesarios cuando perdemos la paciencia, o la esperanza, o en ocasiones la fe; y es que ser padre va\u00a0 m\u00e1s all\u00e1 de lo amoroso, del orgullo de tal condici\u00f3n y la responsabilidad natural, puesto que se vive un mundo habitado de circunstancias y avatares que llenan de una extra\u00f1a y maravillosa esencia la vida.<\/p>\n<p>Hay toda clase de padres, de pap\u00e1s, de papitos, de papis y de p\u00e1s, cuchos, antiguos, viejos, jefes, taitas, en fin, pero en esencia todos signados con la misma sangre, recipiendarios de una gen\u00e9tica y expansores de \u00e9sta, llenos de mil sue\u00f1os y de ilusiones, comprendidos e incomprendidos, estrictos, laxos, secos, cari\u00f1osos, efusivos, fr\u00edos, expresivos y hasta t\u00edmidos con sus propios hijos, pero indudablemente generadores de vida.<\/p>\n<p>Los romanos por ejemplo, celebraban a sus Padres en \u201cRoman Parentalia\u201dque es lo m\u00e1s parecido a nuestra fiesta, con muchos m\u00e1s d\u00edas, del 13 al 22 de febrero, (especialmente celebraban a los padres muertos), porque a los latinos, no los correteaba el \u201ctrasmilleno\u201d, o el \u201cmetro l\u00ednea\u201d y tampoco sufr\u00edan el acoso de los centros comerciales, as\u00ed que junto a la fiesta de la perola, ellos si sab\u00edan qu\u00e9 era una verdadera celebraci\u00f3n, y no se dice porque en nuestra \u00e9poca la fiesta sea de menor importancia, se menciona el asunto porque en ocasiones los hijos y las hijas y los nietos y todas y todos, se ven a gatas para llegar a donde est\u00e1n sus viejos, pues ya las v\u00edas,\u00a0 la flota, o la quincena, son insuficientes.<\/p>\n<p>&nbsp;<\/p>\n<p>Viniendo menos lejos, encontramos en los EEUU, a la se\u00f1ora\u00a0 Sonora Smart Dodd, quien en 1909 se ingeni\u00f3 c\u00f3mo celebrar el d\u00eda de su padre, quien hab\u00eda sido padre y madre, tras el fallecimiento de su esposa, as\u00ed que don Henry Jackson Smart, fue motivo de celebraci\u00f3n y objeto de homenaje, y a partir de esa fecha en Am\u00e9rica Latina se adopt\u00f3 la celebraci\u00f3n, sabiendo que desde tiempos remotos Los Coptos lo hac\u00edan, los Cristianos aun en algunos lugares tienen como modelo a san Jos\u00e9.<\/p>\n<p>En Colombia, esa buena costumbre es una fiesta importante, y junto a las madres, significa unidad familiar aprecio y cari\u00f1o y no importa ya si Usted tiene Padre, o Pap\u00e1, o Cucho o Jefe, o P\u00e1 o como\u00a0 acostumbre a llamar a ese hombre que lucha, que construye, que ama y que sue\u00f1a diariamente con un mundo mejor.<\/p>\n<p>Habr\u00e1, como es posible, padres d\u00edscolos, alejados, indiferentes y en fin, pero ellos en medio de sus circunstancias son tambi\u00e9n el origen de la vida y es posible que sean el resultado de circunstancias adversas, caso en el que debemos hacer uso de la m\u00e1xima comprensi\u00f3n, pues bien claro reza el dicho popular\u201d Pap\u00e1 es Pap\u00e1. Saludo a cada uno de los h\u00e9roes silenciosos, a todos los luchadores, a los \u201cpadre y madre\u201d, a los abuelos origen de la familia y naturalmente a los padres hijos, padres nietos y algunos padres t\u00ecos que sostienen con esfuerzo y dedicaci\u00f3n la unidad familiar que es el verdadero soporte de la sociedad.<\/p>\n<p>A los padres que ya no habitan f\u00edsicamente el mundo, un homenaje y la inamovible gratitud por todo cuanto nos dieron y nos dejaron por siempre. Para\u00a0 todas y para todos un feliz d\u00eda junto a sus viejos, y un mensaje de gratitud y de reconocimiento.<\/p>\n<p><b>CARLOS LUIS IB\u00c1\u00d1EZ TORRES<\/b><\/p>\n<p><b>Lorosaurio<\/b><\/p>\n<p><b>\u00a0<\/b> <\/p>\n","protected":false},"excerpt":{"rendered":"<p>El g\u00e9nero humano no para de inventar, de crear, de imaginar, de descubrir y eso es muy bueno porque ratifica que si estamos en el mundo y somos sobrevivientes\u00a0 es gracias a la inteligencia, que se clasifica seg\u00fan los estudiosos, en diversos tipos, entre diez y ocho, encabezados por la inteligencia ling\u00fc\u00edstica, la inteligencia matem\u00e1tica, &hellip;<\/p>\n","protected":false},"author":1,"featured_media":18193,"comment_status":"open","ping_status":"open","sticky":false,"template":"","format":"standard","meta":{"footnotes":""},"categories":[14],"tags":[698,697],"class_list":["post-18192","post","type-post","status-publish","format-standard","has-post-thumbnail","hentry","category-articulistas","tag-carlos-ibanez","tag-dia-del-padfre"],"_links":{"self":[{"href":"https:\/\/contraluzcucuta.co\/index.php?rest_route=\/wp\/v2\/posts\/18192","targetHints":{"allow":["GET"]}}],"collection":[{"href":"https:\/\/contraluzcucuta.co\/index.php?rest_route=\/wp\/v2\/posts"}],"about":[{"href":"https:\/\/contraluzcucuta.co\/index.php?rest_route=\/wp\/v2\/types\/post"}],"author":[{"embeddable":true,"href":"https:\/\/contraluzcucuta.co\/index.php?rest_route=\/wp\/v2\/users\/1"}],"replies":[{"embeddable":true,"href":"https:\/\/contraluzcucuta.co\/index.php?rest_route=%2Fwp%2Fv2%2Fcomments&post=18192"}],"version-history":[{"count":2,"href":"https:\/\/contraluzcucuta.co\/index.php?rest_route=\/wp\/v2\/posts\/18192\/revisions"}],"predecessor-version":[{"id":18199,"href":"https:\/\/contraluzcucuta.co\/index.php?rest_route=\/wp\/v2\/posts\/18192\/revisions\/18199"}],"wp:featuredmedia":[{"embeddable":true,"href":"https:\/\/contraluzcucuta.co\/index.php?rest_route=\/wp\/v2\/media\/18193"}],"wp:attachment":[{"href":"https:\/\/contraluzcucuta.co\/index.php?rest_route=%2Fwp%2Fv2%2Fmedia&parent=18192"}],"wp:term":[{"taxonomy":"category","embeddable":true,"href":"https:\/\/contraluzcucuta.co\/index.php?rest_route=%2Fwp%2Fv2%2Fcategories&post=18192"},{"taxonomy":"post_tag","embeddable":true,"href":"https:\/\/contraluzcucuta.co\/index.php?rest_route=%2Fwp%2Fv2%2Ftags&post=18192"}],"curies":[{"name":"wp","href":"https:\/\/api.w.org\/{rel}","templated":true}]}}