{"id":18189,"date":"2013-06-15T20:09:31","date_gmt":"2013-06-16T01:09:31","guid":{"rendered":"http:\/\/contraluzcucuta.co\/?p=18189"},"modified":"2013-06-15T20:09:31","modified_gmt":"2013-06-16T01:09:31","slug":"gobierno-dispuesto-al-dialogo-con-campesinos-de-el-catatumbo","status":"publish","type":"post","link":"https:\/\/contraluzcucuta.co\/?p=18189","title":{"rendered":"Gobierno, dispuesto al di\u00e1logo con campesinos de El Catatumbo"},"content":{"rendered":"<p><b>C\u00daCUTA.-<\/b> El Ministerio de Agricultura y Desarrollo Rural y el Incoder manifestaron disposici\u00f3n para dialogar con los campesinos de Tib\u00fa si suspenden las protestas.<\/p>\n<p>El titular de la cartera Francisco Estupi\u00f1\u00e1n y la directora del instituto Miriam Villegas viajar\u00edan al municipio petrolero al t\u00e9rmino de las marchas. El objetivo es iniciar mesas de trabajo para analizar cada propuesta de los l\u00edderes de la Asociaci\u00f3n Campesina del Catatumbo (Ascamcat).<\/p>\n<p>El gobernador Edgar D\u00edaz se reuni\u00f3, durante 12 horas, con representantes del Gobierno, autoridades civiles y militares, concejales, voceros de los gremios y\u00a0 voceros de la comunidad tibuyana.<\/p>\n<p>La mayor\u00eda de las exigencias de Ascamcat, entre las que destacan la declaratoria de la zona de reserva y la erradicaci\u00f3n de cultivos de coca, son competencia del Gobierno. En este proceso la Gobernaci\u00f3n y la Alcald\u00eda de Tib\u00fa act\u00faan como garantes e intermediarios.<\/p>\n<p>D\u00edaz Contreras llam\u00f3 a los intermediarios y a los manifestantes para que conserven la calma y busquen el di\u00e1logo y la concertaci\u00f3n, para evitar cualquier tipo de confrontaci\u00f3n\u00a0 que altere la situaci\u00f3n de orden p\u00fablico y\u00a0 la tranquilidad ciudadana.<\/p>\n<p>El Gobernador envi\u00f3 un oficio a los ministros de Defensa, Juan Carlos Pinz\u00f3n, y del Interior, Fernando Carrillo Fl\u00f3rez, para enterarlos de los hechos ocurridos en la zona de El Catatumbo en materia de orden p\u00fablico.<\/p>\n<p>La revuelta dej\u00f3 civiles y polic\u00edas lesionados, viviendas afectadas, incluida una de propiedad del alcalde Gustavo Le\u00f3n Becerra, destrucci\u00f3n de archivos de la Fiscal\u00eda General de la Naci\u00f3n \u00a0y da\u00f1os en la sede de la Alcald\u00eda.<\/p>\n<p>La gravedad de los hechos en el casco urbano \u00a0llev\u00f3 a la reuni\u00f3n del consejo\u00a0 extraordinario de seguridad y la aplicaci\u00f3n del toque de queda y la declaratoria de la ley seca.<\/p>\n<p>Ante la realidad del problema, el gobernador Edgar D\u00edaz estim\u00f3 necesario solicitar la colaboraci\u00f3n del alto gobierno para gestionar el cese temporal de la erradicaci\u00f3n de cultivos il\u00edcitos, como mecanismo inmediato para frenar el conflicto y permitir el regreso de las comunidades a las zonas de origen. <\/p>\n","protected":false},"excerpt":{"rendered":"<p>C\u00daCUTA.- El Ministerio de Agricultura y Desarrollo Rural y el Incoder manifestaron disposici\u00f3n para dialogar con los campesinos de Tib\u00fa si suspenden las protestas. El titular de la cartera Francisco Estupi\u00f1\u00e1n y la directora del instituto Miriam Villegas viajar\u00edan al municipio petrolero al t\u00e9rmino de las marchas. El objetivo es iniciar mesas de trabajo para &hellip;<\/p>\n","protected":false},"author":1,"featured_media":18190,"comment_status":"open","ping_status":"open","sticky":false,"template":"","format":"standard","meta":{"footnotes":""},"categories":[556,4],"tags":[279],"class_list":["post-18189","post","type-post","status-publish","format-standard","has-post-thumbnail","hentry","category-departamento","category-barra","tag-tibu"],"_links":{"self":[{"href":"https:\/\/contraluzcucuta.co\/index.php?rest_route=\/wp\/v2\/posts\/18189","targetHints":{"allow":["GET"]}}],"collection":[{"href":"https:\/\/contraluzcucuta.co\/index.php?rest_route=\/wp\/v2\/posts"}],"about":[{"href":"https:\/\/contraluzcucuta.co\/index.php?rest_route=\/wp\/v2\/types\/post"}],"author":[{"embeddable":true,"href":"https:\/\/contraluzcucuta.co\/index.php?rest_route=\/wp\/v2\/users\/1"}],"replies":[{"embeddable":true,"href":"https:\/\/contraluzcucuta.co\/index.php?rest_route=%2Fwp%2Fv2%2Fcomments&post=18189"}],"version-history":[{"count":1,"href":"https:\/\/contraluzcucuta.co\/index.php?rest_route=\/wp\/v2\/posts\/18189\/revisions"}],"predecessor-version":[{"id":18191,"href":"https:\/\/contraluzcucuta.co\/index.php?rest_route=\/wp\/v2\/posts\/18189\/revisions\/18191"}],"wp:featuredmedia":[{"embeddable":true,"href":"https:\/\/contraluzcucuta.co\/index.php?rest_route=\/wp\/v2\/media\/18190"}],"wp:attachment":[{"href":"https:\/\/contraluzcucuta.co\/index.php?rest_route=%2Fwp%2Fv2%2Fmedia&parent=18189"}],"wp:term":[{"taxonomy":"category","embeddable":true,"href":"https:\/\/contraluzcucuta.co\/index.php?rest_route=%2Fwp%2Fv2%2Fcategories&post=18189"},{"taxonomy":"post_tag","embeddable":true,"href":"https:\/\/contraluzcucuta.co\/index.php?rest_route=%2Fwp%2Fv2%2Ftags&post=18189"}],"curies":[{"name":"wp","href":"https:\/\/api.w.org\/{rel}","templated":true}]}}