{"id":18173,"date":"2013-06-13T00:45:09","date_gmt":"2013-06-13T05:45:09","guid":{"rendered":"http:\/\/contraluzcucuta.co\/?p=18173"},"modified":"2013-06-13T00:45:22","modified_gmt":"2013-06-13T05:45:22","slug":"queremos-que-la-arcilla-se-riegue-por-todo-el-pais","status":"publish","type":"post","link":"https:\/\/contraluzcucuta.co\/?p=18173","title":{"rendered":"Queremos que la arcilla se riegue por todo el pa\u00eds"},"content":{"rendered":"<p>Fortalecer el sector de la arcilla y construcci\u00f3n de Norte de Santander, trabajar de forma articulada (entes territoriales, empresa privada y gremios), dise\u00f1ar proyectos con universidades de la regi\u00f3n y mantener en el tiempo la iniciativa \u00b4Arcillas Competitivas\u00b4 fueron los lineamientos expuestos durante la tercera reuni\u00f3n de este proyecto liderado por la Secretar\u00eda de Desarrollo Econ\u00f3mico, la C\u00e1mara de Comercio de C\u00facuta y Ministerio de Comercio, Industria y Turismo.<\/p>\n<p>La secretar\u00eda de Desarrollo Econ\u00f3mico destac\u00f3 que la iniciativa \u00b4Arcillas Competitivas\u00b4 le apunta principalmente a abastecer la demanda local, regional y nacional porque el mercado internacional no le est\u00e1 generando la suficiente rentabilidad a las empresas productoras de materiales de construcci\u00f3n.<\/p>\n<p>\u201cQueremos que los materiales (de arcilla) de la regi\u00f3n se replieguen por toda la geograf\u00eda nacional y que el modelo sea visto como un ejemplo a seguir como modelo de cambio, creando mayor dinamismo a nivel interno, para pensar posteriormente en otros mercados como Centro y Suram\u00e9rica\u201d manifest\u00f3 el Funcionario en cargado del despacho de desarrollo econ\u00f3mico del departamento.<\/p>\n<p>Dentro del cronograma de actividades propuestas en el encuentro, se realizar\u00e1n conferencias donde se aborden temas como los criterios de compra de edificios basados en el ciclo de vida, la respuesta a proveedores de materiales ante la demanda avanzada de solucione y la importancia del conocimiento para el desarrollo de la estrategia de costo local.<\/p>\n<p>Con la iniciativa se crear\u00e1n espacios para conocer casos exitosos de oferta y demanda de otras latitudes, con escenarios como el Comit\u00e9 Universidad Empresa Estado \u00b4CUES\u00b4, en el dise\u00f1o de propuestas innovadoras para Norte de Santander.<\/p>\n<p>Las l\u00edneas de acci\u00f3n presentadas este mi\u00e9rcoles 12 de junio en las instalaciones del Club comercio y son resultado las discusiones en reuniones previas por m\u00e1s de 9 meses entre la Administraci\u00f3n Departamental, la C\u00e1mara de Comercio y el Cluster de Construcci\u00f3n (que incluye representantes de 70 empresas fabricantes, constructoras, arquitectos, ferreteros, firmas de ingenier\u00eda, proveedores, maestros de obra, firmas de empaque y embalaje, transporte de carga y universidades)<\/p>\n<p>&nbsp; <\/p>\n","protected":false},"excerpt":{"rendered":"<p>Fortalecer el sector de la arcilla y construcci\u00f3n de Norte de Santander, trabajar de forma articulada (entes territoriales, empresa privada y gremios), dise\u00f1ar proyectos con universidades de la regi\u00f3n y mantener en el tiempo la iniciativa \u00b4Arcillas Competitivas\u00b4 fueron los lineamientos expuestos durante la tercera reuni\u00f3n de este proyecto liderado por la Secretar\u00eda de Desarrollo &hellip;<\/p>\n","protected":false},"author":1,"featured_media":18174,"comment_status":"open","ping_status":"open","sticky":false,"template":"","format":"standard","meta":{"footnotes":""},"categories":[541,4],"tags":[],"class_list":["post-18173","post","type-post","status-publish","format-standard","has-post-thumbnail","hentry","category-ciudad","category-barra"],"_links":{"self":[{"href":"https:\/\/contraluzcucuta.co\/index.php?rest_route=\/wp\/v2\/posts\/18173","targetHints":{"allow":["GET"]}}],"collection":[{"href":"https:\/\/contraluzcucuta.co\/index.php?rest_route=\/wp\/v2\/posts"}],"about":[{"href":"https:\/\/contraluzcucuta.co\/index.php?rest_route=\/wp\/v2\/types\/post"}],"author":[{"embeddable":true,"href":"https:\/\/contraluzcucuta.co\/index.php?rest_route=\/wp\/v2\/users\/1"}],"replies":[{"embeddable":true,"href":"https:\/\/contraluzcucuta.co\/index.php?rest_route=%2Fwp%2Fv2%2Fcomments&post=18173"}],"version-history":[{"count":3,"href":"https:\/\/contraluzcucuta.co\/index.php?rest_route=\/wp\/v2\/posts\/18173\/revisions"}],"predecessor-version":[{"id":18177,"href":"https:\/\/contraluzcucuta.co\/index.php?rest_route=\/wp\/v2\/posts\/18173\/revisions\/18177"}],"wp:featuredmedia":[{"embeddable":true,"href":"https:\/\/contraluzcucuta.co\/index.php?rest_route=\/wp\/v2\/media\/18174"}],"wp:attachment":[{"href":"https:\/\/contraluzcucuta.co\/index.php?rest_route=%2Fwp%2Fv2%2Fmedia&parent=18173"}],"wp:term":[{"taxonomy":"category","embeddable":true,"href":"https:\/\/contraluzcucuta.co\/index.php?rest_route=%2Fwp%2Fv2%2Fcategories&post=18173"},{"taxonomy":"post_tag","embeddable":true,"href":"https:\/\/contraluzcucuta.co\/index.php?rest_route=%2Fwp%2Fv2%2Ftags&post=18173"}],"curies":[{"name":"wp","href":"https:\/\/api.w.org\/{rel}","templated":true}]}}