{"id":18168,"date":"2013-06-13T00:42:26","date_gmt":"2013-06-13T05:42:26","guid":{"rendered":"http:\/\/contraluzcucuta.co\/?p=18168"},"modified":"2013-06-13T00:42:48","modified_gmt":"2013-06-13T05:42:48","slug":"ninos-trabajadores-visibles-ayer-hoy-una-imagen-de-costumbre","status":"publish","type":"post","link":"https:\/\/contraluzcucuta.co\/?p=18168","title":{"rendered":"Ni\u00f1os trabajadores Visibles ayer, hoy una imagen de costumbre."},"content":{"rendered":"<p>El 12 de junio m\u00e1s que conmemorarse el d\u00eda en contra del trabajo infantil es el \u201cvitrinazo\u201d que se pueden\u00a0 dar los mandatarios del municipio\u00a0 y el departamento, con el \u00fanico fin de mostrarse mecenas de la ni\u00f1ez y juventud de los \u201cpelaos\u201d que por una\u00a0 u otra raz\u00f3n deben ponerle\u00a0 la cara al sol y llevar algunos pesos a sus hogares.<\/p>\n<p>&nbsp;<\/p>\n<p>Nada puede justificar que un\u00a0 ni\u00f1o, ni\u00f1a o adolecente este ofreciendo dulces, frutas, limpiando vidrios en un sem\u00e1foro, en lugar de estar aprendiendo las matem\u00e1ticas y el castellano en un aula de colegio, la falta de dinero ya no puede ser una excusa, pues el estado\u00a0 ofrece gratuidad para los menos favorecidos.<\/p>\n<p>&nbsp;<\/p>\n<p>Es lamentable que solo el\u00a0 12 de junio se vea la patrulla de la polic\u00eda \u00a0con los emblemas de infancia y adolescencia, y la ciudadan\u00eda se entere que la gobernaci\u00f3n tiene un comit\u00e9 interinstitucional de prevenci\u00f3n y erradicaci\u00f3n del trabajo infantil y protecci\u00f3n al joven trabajador, y ni qu\u00e9 decir del Instituto Colombiano de Bienestar Familiar (ICBF), quienes desempolvaron sus chalecos luminosos y salieron por tres o cuatro calles a corretear los j\u00f3venes que trabajan.<\/p>\n<p>&nbsp;<\/p>\n<p>Porque las autoridades y los comit\u00e9 interinstitucionales que permanecen a la sombra de sus oficinas no contemplan la verdadera intensi\u00f3n de solucionar y erradicar esta problem\u00e1tica social con programas que garanticen a los j\u00f3venes ni\u00f1os y ni\u00f1as del departamento una forma laxa de estudiar y conseguir el sustento para su hogar, en el caso que se necesite realmente, se debe iniciar por visibilizar esos padres explotadores que est\u00e1n en las esquinas esperando que los ni\u00f1os vendan cualquier tipo de mercanc\u00eda para arrebatarle los pesos y saciar su consumo personal.<\/p>\n<p>&nbsp;<\/p>\n<p>Seguido debe existir la presencia del estado como agente defensor y no opresor, extender el acompa\u00f1amiento a los j\u00f3venes de la calle, ofertarles salidas atractivas que los enfoquen la educaci\u00f3n, pero que tambi\u00e9n les garantice el sustento de su n\u00facleo familiar (\u201cen caso de necesitarlo\u201d), todo esto se puede lograr cuando los puestos pol\u00edticos se quieten esa concha de burocracia que los forra, cundo el gobierno sea de a p\u00ede y no de pantalla y desde un balc\u00f3n.<\/p>\n<p>&nbsp;<\/p>\n<p>Ayer mi\u00e9rcoles las patrullas corretearon a j\u00f3venes que se aparcan en el sem\u00e1foro de la diagonal con once justo alado donde las grandes cadenas est\u00e1n instaladas, donde el flujo vehicular no se da espera, donde el agua lluvia les moja los dedos y gasta sus zapatos, \u00a1qu\u00e9 triste ver que hoy, cuando el d\u00eda mundial contra el trabajo infantil pierda la posibilidad de que los mandatarios mojen prensa, volveremos a ver los mismo ni\u00f1os vendiendo los mismo productos, y las lujosas camionetas de los gobernantes pasen por all\u00ed sin causar ning\u00fan tipo de importancia!, por que guste\u00a0 o no, para ellos (los gobernantes) esos ni\u00f1os desde el momento de la\u00a0 entrevista en cualquier medio de comunicaci\u00f3n, volvieron a ser invisibles.<\/p>\n<p>&nbsp; <\/p>\n","protected":false},"excerpt":{"rendered":"<p>El 12 de junio m\u00e1s que conmemorarse el d\u00eda en contra del trabajo infantil es el \u201cvitrinazo\u201d que se pueden\u00a0 dar los mandatarios del municipio\u00a0 y el departamento, con el \u00fanico fin de mostrarse mecenas de la ni\u00f1ez y juventud de los \u201cpelaos\u201d que por una\u00a0 u otra raz\u00f3n deben ponerle\u00a0 la cara al sol &hellip;<\/p>\n","protected":false},"author":1,"featured_media":18169,"comment_status":"open","ping_status":"open","sticky":false,"template":"","format":"standard","meta":{"footnotes":""},"categories":[10,4],"tags":[],"class_list":["post-18168","post","type-post","status-publish","format-standard","has-post-thumbnail","hentry","category-cronicas","category-barra"],"_links":{"self":[{"href":"https:\/\/contraluzcucuta.co\/index.php?rest_route=\/wp\/v2\/posts\/18168","targetHints":{"allow":["GET"]}}],"collection":[{"href":"https:\/\/contraluzcucuta.co\/index.php?rest_route=\/wp\/v2\/posts"}],"about":[{"href":"https:\/\/contraluzcucuta.co\/index.php?rest_route=\/wp\/v2\/types\/post"}],"author":[{"embeddable":true,"href":"https:\/\/contraluzcucuta.co\/index.php?rest_route=\/wp\/v2\/users\/1"}],"replies":[{"embeddable":true,"href":"https:\/\/contraluzcucuta.co\/index.php?rest_route=%2Fwp%2Fv2%2Fcomments&post=18168"}],"version-history":[{"count":3,"href":"https:\/\/contraluzcucuta.co\/index.php?rest_route=\/wp\/v2\/posts\/18168\/revisions"}],"predecessor-version":[{"id":18172,"href":"https:\/\/contraluzcucuta.co\/index.php?rest_route=\/wp\/v2\/posts\/18168\/revisions\/18172"}],"wp:featuredmedia":[{"embeddable":true,"href":"https:\/\/contraluzcucuta.co\/index.php?rest_route=\/wp\/v2\/media\/18169"}],"wp:attachment":[{"href":"https:\/\/contraluzcucuta.co\/index.php?rest_route=%2Fwp%2Fv2%2Fmedia&parent=18168"}],"wp:term":[{"taxonomy":"category","embeddable":true,"href":"https:\/\/contraluzcucuta.co\/index.php?rest_route=%2Fwp%2Fv2%2Fcategories&post=18168"},{"taxonomy":"post_tag","embeddable":true,"href":"https:\/\/contraluzcucuta.co\/index.php?rest_route=%2Fwp%2Fv2%2Ftags&post=18168"}],"curies":[{"name":"wp","href":"https:\/\/api.w.org\/{rel}","templated":true}]}}