{"id":18164,"date":"2013-06-13T00:40:06","date_gmt":"2013-06-13T05:40:06","guid":{"rendered":"http:\/\/contraluzcucuta.co\/?p=18164"},"modified":"2013-06-13T00:40:14","modified_gmt":"2013-06-13T05:40:14","slug":"15-mil-cucutenos-disfrutaran-la-lectura","status":"publish","type":"post","link":"https:\/\/contraluzcucuta.co\/?p=18164","title":{"rendered":"15 mil Cucute\u00f1os disfrutar\u00e1n la lectura"},"content":{"rendered":"<p>La Secretar\u00eda de Cultura en convenio con la Biblioteca P\u00fablica Julio P\u00e9rez Ferrero, celebr\u00f3 la apertura de las bibliotecas p\u00fablicas de la ciudad como un primer paso para reanimar la red municipal de lectura y escritura, que garantizar\u00e1 el funcionamiento y continuidad de las Bibliotecas P\u00fablicas a lo largo de este a\u00f1o.<\/p>\n<p>Diversos sectores de la comunidad, las bibliotecas Sim\u00f3n Bol\u00edvar de Comuneros, Monse\u00f1or Luis P\u00e9rez Hern\u00e1ndez de La Libertad y Nuestra Se\u00f1ora de Bel\u00e9n del barrio\u00a0 Bel\u00e9n; llevaron a cabo talleres de promoci\u00f3n y animaci\u00f3n lectura dirigida por las bibliotecarias y los promotores de lectura de la red, quienes ense\u00f1aron a ni\u00f1os, j\u00f3venes y adultos, las bondades de la lectura.<\/p>\n<p>Adicional a los talleres y actividades de promoci\u00f3n y animaci\u00f3n lectora que se desarrollar\u00e1n en todas las bibliotecas lo que resta de este a\u00f1o, la red municipal de lectura y escritura instalara en cada comuna del municipio un promotor de lectura en cargados d evariar y diversificar los talleres de promoci\u00f3n y animaci\u00f3n de lectura en colegios de la ciudad, grupos sociales, asociaciones comunales y \u00a0todos los sectores en general.<\/p>\n<p>La meta principal de la red municipal es lograr el fortalecimiento de las bibliotecas p\u00fablicas dando continuidad a los procesos culturales y educativos que \u00e9stas desarrollen con los c\u00facute\u00f1os, con el fin de abarcar a m\u00e1s de quince mil usuarios y beneficiados para este a\u00f1o.<\/p>\n<p>Las bibliotecas abrir\u00e1n sus puertas a \u00a0la comunidad en el siguiente horario:<\/p>\n<p>Lunes a viernes: 8am a 12m y 2pm a 6pm.<\/p>\n<p>S\u00e1bados: 8am a 12m.<\/p>\n<p>&nbsp; <\/p>\n","protected":false},"excerpt":{"rendered":"<p>La Secretar\u00eda de Cultura en convenio con la Biblioteca P\u00fablica Julio P\u00e9rez Ferrero, celebr\u00f3 la apertura de las bibliotecas p\u00fablicas de la ciudad como un primer paso para reanimar la red municipal de lectura y escritura, que garantizar\u00e1 el funcionamiento y continuidad de las Bibliotecas P\u00fablicas a lo largo de este a\u00f1o. Diversos sectores de &hellip;<\/p>\n","protected":false},"author":1,"featured_media":18165,"comment_status":"open","ping_status":"open","sticky":false,"template":"","format":"standard","meta":{"footnotes":""},"categories":[36],"tags":[],"class_list":["post-18164","post","type-post","status-publish","format-standard","has-post-thumbnail","hentry","category-la-voz-del-pueblo"],"_links":{"self":[{"href":"https:\/\/contraluzcucuta.co\/index.php?rest_route=\/wp\/v2\/posts\/18164","targetHints":{"allow":["GET"]}}],"collection":[{"href":"https:\/\/contraluzcucuta.co\/index.php?rest_route=\/wp\/v2\/posts"}],"about":[{"href":"https:\/\/contraluzcucuta.co\/index.php?rest_route=\/wp\/v2\/types\/post"}],"author":[{"embeddable":true,"href":"https:\/\/contraluzcucuta.co\/index.php?rest_route=\/wp\/v2\/users\/1"}],"replies":[{"embeddable":true,"href":"https:\/\/contraluzcucuta.co\/index.php?rest_route=%2Fwp%2Fv2%2Fcomments&post=18164"}],"version-history":[{"count":2,"href":"https:\/\/contraluzcucuta.co\/index.php?rest_route=\/wp\/v2\/posts\/18164\/revisions"}],"predecessor-version":[{"id":18167,"href":"https:\/\/contraluzcucuta.co\/index.php?rest_route=\/wp\/v2\/posts\/18164\/revisions\/18167"}],"wp:featuredmedia":[{"embeddable":true,"href":"https:\/\/contraluzcucuta.co\/index.php?rest_route=\/wp\/v2\/media\/18165"}],"wp:attachment":[{"href":"https:\/\/contraluzcucuta.co\/index.php?rest_route=%2Fwp%2Fv2%2Fmedia&parent=18164"}],"wp:term":[{"taxonomy":"category","embeddable":true,"href":"https:\/\/contraluzcucuta.co\/index.php?rest_route=%2Fwp%2Fv2%2Fcategories&post=18164"},{"taxonomy":"post_tag","embeddable":true,"href":"https:\/\/contraluzcucuta.co\/index.php?rest_route=%2Fwp%2Fv2%2Ftags&post=18164"}],"curies":[{"name":"wp","href":"https:\/\/api.w.org\/{rel}","templated":true}]}}