{"id":18138,"date":"2013-06-10T11:38:24","date_gmt":"2013-06-10T16:38:24","guid":{"rendered":"http:\/\/contraluzcucuta.co\/?p=18138"},"modified":"2013-06-10T11:38:24","modified_gmt":"2013-06-10T16:38:24","slug":"la-necesidad-de-un-alto-y-de-un-nuevo-arranque","status":"publish","type":"post","link":"https:\/\/contraluzcucuta.co\/?p=18138","title":{"rendered":"La necesidad de un alto y de un nuevo arranque"},"content":{"rendered":"<p>1.- As\u00ed duela aceptarlo, y esa deducci\u00f3n, aceptaci\u00f3n o consecuencia genere molestias, porque toda conclusi\u00f3n o definici\u00f3n de responsabilidades y compromisos produce reacciones, hay que confesar sin timideces, ni temores que a nuestra regi\u00f3n, y sin necesidad de diferenciar entre godos y liberales, izquierdistas, ortodoxos y radicales, le hace falta m\u00e1s presencia, participaci\u00f3n y decisi\u00f3n pol\u00edtica para defender y proyectar en realizaciones soluciones, anhelos y esperanzas.<\/p>\n<p>Y hay que confesar este vac\u00edo, porque est\u00e1n sucediendo situaciones incre\u00edbles, sin que reaccionen los que debieran hacerlo y sin que act\u00faen los que se califican como vig\u00edas o los que creen que el \u2018doblemente glorioso equipo\u2019 es el \u00fanico basti\u00f3n de sentimientos.<\/p>\n<p>No, la situaci\u00f3n de la regi\u00f3n y de la frontera es delicada, como lo precisan indicadores, promedios y el realismo de una seria visi\u00f3n al panorama. Y estamos tan mal, que comprendiendo la complejidad de las instancias, ning\u00fan partido, grupo o n\u00facleo pol\u00edtico ha fijado derroteros de acci\u00f3n, ni llamado a la convocatoria de los mejores, en listas que consulten un leg\u00edtimo y cierto inter\u00e9s p\u00fablico, que supere y venza la pasividad, desidia y desinter\u00e9s de ahora, porque nuestros voceros y hombres p\u00fablicos parecieren estar de paseo o, simplemente, esperando que llegue la hora de la reelecci\u00f3n, para continuar con los mismos y en las mismas.<\/p>\n<p>2.- Pero esto no solo acontece en el marco de lo institucional o pol\u00edtico, sino en lo gremial, profesional y laboral, sin olvidar lo acad\u00e9mico y direccional de lo social y econ\u00f3mico, donde el ritmo es todav\u00eda m\u00e1s bajo, porque no se re\u00fanen, ni nada sugieren o establecen, no obstante la magnitud del colapso y el accionar de otra gente y regiones que avanzan por las gestiones permanentes, insistentes y en equipo, mientras aqu\u00ed se adopta la actitud del agache y la conducta del atajo, en un desinter\u00e9s por el progreso y solo dando cabida a cr\u00edticas o conformando c\u00edrculos familiares o de grupo, pero de visi\u00f3n reducida, cuando lo que hay por hacer es mucho.<\/p>\n<p>Y, es tan precario lo que ocurre, que los contactos y las relaciones que en el pasado exist\u00edan en lo colindante y fronterizo, ahora lo que se menciona y con alarde es el tiempo que se lleva sin contactos, ni atravesar el puente que nos une.<\/p>\n<p>3.- Meses atr\u00e1s y desde Canyfron se\u00f1al\u00e1bamos la favorabilidad y la conveniencia de hacer un llamamiento a los patriarcas y a las matriarcas para que con la sabidur\u00eda que dan los a\u00f1os y el don del consejo establecieran, ante la presencia de las nuevas promociones y la ciudadan\u00eda, el camino para seguir y estableciendo metas y consignas.<\/p>\n<p>Una primera nominaci\u00f3n incluy\u00f3 a Enrique Vargas Ram\u00edrez, Hernando Villamizar Fl\u00f3rez, Jos\u00e9 Luis Acero Jord\u00e1n, Pablo Emilio Ram\u00edrez, \u00c1lvaro Villamizar Su\u00e1rez, Peter Zhan, Luis Eduardo Lobo, Myriam de Guzm\u00e1n, Yesm\u00edn Colmenares, Jos\u00e9 Urbina, Eduardo Gait\u00e1n Dur\u00e1n, Cristina Ball\u00e9n, Cecilia Garc\u00eda Bautista, Lino Galav\u00eds, Jes\u00fas Mar\u00eda Carrillo, Rafael Eduardo \u00c1ngel Mogoll\u00f3n y Laura Cuberos, quienes con otros y otras bien podr\u00edan ser los abanderados del empe\u00f1o.<\/p>\n<p><b>JOS\u00c9 NEIRA REY<\/b><\/p>\n<p><a href=\"mailto:jneirarey@hotmail.com\">jneirarey@hotmail.com<\/a><\/p>\n<p><b>Notas al margen <\/b><\/p>\n<p>&nbsp; <\/p>\n","protected":false},"excerpt":{"rendered":"<p>1.- As\u00ed duela aceptarlo, y esa deducci\u00f3n, aceptaci\u00f3n o consecuencia genere molestias, porque toda conclusi\u00f3n o definici\u00f3n de responsabilidades y compromisos produce reacciones, hay que confesar sin timideces, ni temores que a nuestra regi\u00f3n, y sin necesidad de diferenciar entre godos y liberales, izquierdistas, ortodoxos y radicales, le hace falta m\u00e1s presencia, participaci\u00f3n y decisi\u00f3n &hellip;<\/p>\n","protected":false},"author":1,"featured_media":18139,"comment_status":"open","ping_status":"open","sticky":false,"template":"","format":"standard","meta":{"footnotes":""},"categories":[14,4],"tags":[303],"class_list":["post-18138","post","type-post","status-publish","format-standard","has-post-thumbnail","hentry","category-articulistas","category-barra","tag-jose-neira-rey"],"_links":{"self":[{"href":"https:\/\/contraluzcucuta.co\/index.php?rest_route=\/wp\/v2\/posts\/18138","targetHints":{"allow":["GET"]}}],"collection":[{"href":"https:\/\/contraluzcucuta.co\/index.php?rest_route=\/wp\/v2\/posts"}],"about":[{"href":"https:\/\/contraluzcucuta.co\/index.php?rest_route=\/wp\/v2\/types\/post"}],"author":[{"embeddable":true,"href":"https:\/\/contraluzcucuta.co\/index.php?rest_route=\/wp\/v2\/users\/1"}],"replies":[{"embeddable":true,"href":"https:\/\/contraluzcucuta.co\/index.php?rest_route=%2Fwp%2Fv2%2Fcomments&post=18138"}],"version-history":[{"count":1,"href":"https:\/\/contraluzcucuta.co\/index.php?rest_route=\/wp\/v2\/posts\/18138\/revisions"}],"predecessor-version":[{"id":18140,"href":"https:\/\/contraluzcucuta.co\/index.php?rest_route=\/wp\/v2\/posts\/18138\/revisions\/18140"}],"wp:featuredmedia":[{"embeddable":true,"href":"https:\/\/contraluzcucuta.co\/index.php?rest_route=\/wp\/v2\/media\/18139"}],"wp:attachment":[{"href":"https:\/\/contraluzcucuta.co\/index.php?rest_route=%2Fwp%2Fv2%2Fmedia&parent=18138"}],"wp:term":[{"taxonomy":"category","embeddable":true,"href":"https:\/\/contraluzcucuta.co\/index.php?rest_route=%2Fwp%2Fv2%2Fcategories&post=18138"},{"taxonomy":"post_tag","embeddable":true,"href":"https:\/\/contraluzcucuta.co\/index.php?rest_route=%2Fwp%2Fv2%2Ftags&post=18138"}],"curies":[{"name":"wp","href":"https:\/\/api.w.org\/{rel}","templated":true}]}}