{"id":18096,"date":"2013-06-05T22:50:24","date_gmt":"2013-06-06T03:50:24","guid":{"rendered":"http:\/\/contraluzcucuta.co\/?p=18096"},"modified":"2013-06-05T22:50:24","modified_gmt":"2013-06-06T03:50:24","slug":"lo-que-dejo-el-primer-semestre-para-el-cucuta-deportivo","status":"publish","type":"post","link":"https:\/\/contraluzcucuta.co\/?p=18096","title":{"rendered":"Lo que dej\u00f3 el primer semestre para el C\u00facuta Deportivo"},"content":{"rendered":"<p><b>C\u00daCUTA.-<\/b> El primero de junio, termin\u00f3 de manera oficial el primer torneo del a\u00f1o para el C\u00facuta Deportivo. De ahora en adelante volver\u00e1 a hablarse de contrataciones, salida y llegada de jugadores en busca de salvar la categor\u00eda, objetivo por el cual lucha temporada tras temporada y que se ha vuelto costumbre.<\/p>\n<p>Terminado el juego ante Atl\u00e9tico Nacional, y luego del amargo empate (1-1), los jugadores y el cuerpo t\u00e9cnico del equipo cucute\u00f1o quedaron de manera oficial en vacaciones, hasta el 17 de junio. Ese d\u00eda iniciar\u00e1n los trabajos de pretemporada para el segundo semestre.<\/p>\n<p>En las \u00faltimas horas se conoci\u00f3 que buena parte del grupo de jugadores expres\u00f3 inconformismo por el periodo de vacaciones que se les dio sin tener en cuenta que a la plantilla y al cuerpo t\u00e9cnico les adeudan parte del salario de abril, \u00a0mayo y junio.<\/p>\n<p>Esta situaci\u00f3n raya con la falta de sinceridad por parte de algunos jugadores al momento que eran interrogados por los medios de comunicaci\u00f3n sobre el cumplimiento\u00a0 o no de los salarios. El profesor Guillermo Sanguinetti dijo que \u201cen algunos aspectos los directivos les han cumplido\u201d. Es decir no en todo,\u00a0 y el incumplimiento salarial hace parte de esos puntos pendientes.<\/p>\n<p>Hubo crisis entre jugadores y directivos. Para recordar, el episodio de la demanda instaurada por Dami\u00e1n Malrechauffe y lo delicado que podr\u00eda ser este escenario debido a la situaci\u00f3n legal del C\u00facuta Deportivo. La ley lo tiene amenazado de que si se presenta alg\u00fan tipo de incumplimiento en las obligaciones, de inmediato le ser\u00e1 retirado el reconocimiento deportivo.<\/p>\n<p><b>Movimiento de jugadores<\/b><\/p>\n<p>Mateo F\u00edgoli, el jugador m\u00e1s regular de los \u00faltimos dos semestres en el C\u00facuta Deportivo, viaj\u00f3 a territorio uruguayo a descansar y de all\u00ed partir hacia M\u00e9xico, donde es esperado por el Le\u00f3n FC, equipo due\u00f1o de los derechos deportivos.<\/p>\n<p>F\u00edgoli lleg\u00f3 al cuadfro motil\u00f3n a pr\u00e9stamo por un a\u00f1o sin opci\u00f3n de compra, en junio de 2012. Al momento de terminarse el pr\u00e9stamo, se conoci\u00f3 que el equipo fronterizo quiso ofertar en busca de hacerse a los derechos, pero la respuesta por parte del once mexicano en cuanto a la cifra result\u00f3 astron\u00f3mica para un club colombiano. Pasaba los dos millones de d\u00f3lares. Imposible.<\/p>\n<p>Hay un buen n\u00famero de jugadores que terminan contrato en junio. Luis Estacio, Dami\u00e1n Malrechauffe, John Jairo Lozano y Javier Fl\u00f3rez son requeridos por Guillermo Sanguinetti, quien ha pedido que se les renueve el contrato. Jairo \u2018El Viejo\u2019 Patino durante el torneo no aport\u00f3 nada al equipo debido a las constantes dolencias f\u00edsicas. El t\u00e9cnico uruguayo espera por el tema de refuerzos y guarda esperanzas en cuanto a lo econ\u00f3mico. A partir de all\u00ed, iniciar el rumbo del segundo torneo con la pretemporada que, seguramente, ser\u00e1 en C\u00facuta con salida a algunos juegos amistosos.<\/p>\n<p><b>El descenso<\/b><\/p>\n<p>Cuando inici\u00f3 el primero torneo del 2013, el C\u00facuta Deportivo aparec\u00eda en el puesto 18 y en descenso directo. Antes de iniciar el segundo torneo, el equipo motil\u00f3n partir\u00e1 en el puesto 17 (promoci\u00f3n) con 99 puntos, dos m\u00e1s que Patriotas de Boyac\u00e1, que qued\u00f3 sembrado en el puesto 18 que entrega el descenso directo. M\u00e1s adelante en la tabla aparecen, con 100 puntos Deportes Quind\u00edo (16), Alianza Petrolera (15) y Atl\u00e9tico Huila (14).<\/p>\n<p>La tarea volver\u00e1 a ser igual de dif\u00edcil al 2012, cuando Real Cartagena descendi\u00f3 de manera directa y C\u00facuta jug\u00f3 la promoci\u00f3n ante Am\u00e9rica de Cali. Es claro que la afici\u00f3n y los jugadores no querr\u00e1n volver a jugar la inc\u00f3moda promoci\u00f3n.<\/p>\n<p>&nbsp; <\/p>\n","protected":false},"excerpt":{"rendered":"<p>C\u00daCUTA.- El primero de junio, termin\u00f3 de manera oficial el primer torneo del a\u00f1o para el C\u00facuta Deportivo. De ahora en adelante volver\u00e1 a hablarse de contrataciones, salida y llegada de jugadores en busca de salvar la categor\u00eda, objetivo por el cual lucha temporada tras temporada y que se ha vuelto costumbre. Terminado el juego &hellip;<\/p>\n","protected":false},"author":1,"featured_media":18097,"comment_status":"open","ping_status":"open","sticky":false,"template":"","format":"standard","meta":{"footnotes":""},"categories":[28],"tags":[192,615],"class_list":["post-18096","post","type-post","status-publish","format-standard","has-post-thumbnail","hentry","category-vistazo-deportivo","tag-cucuta-deportivo","tag-guillermo-sanguinetti"],"_links":{"self":[{"href":"https:\/\/contraluzcucuta.co\/index.php?rest_route=\/wp\/v2\/posts\/18096","targetHints":{"allow":["GET"]}}],"collection":[{"href":"https:\/\/contraluzcucuta.co\/index.php?rest_route=\/wp\/v2\/posts"}],"about":[{"href":"https:\/\/contraluzcucuta.co\/index.php?rest_route=\/wp\/v2\/types\/post"}],"author":[{"embeddable":true,"href":"https:\/\/contraluzcucuta.co\/index.php?rest_route=\/wp\/v2\/users\/1"}],"replies":[{"embeddable":true,"href":"https:\/\/contraluzcucuta.co\/index.php?rest_route=%2Fwp%2Fv2%2Fcomments&post=18096"}],"version-history":[{"count":1,"href":"https:\/\/contraluzcucuta.co\/index.php?rest_route=\/wp\/v2\/posts\/18096\/revisions"}],"predecessor-version":[{"id":18098,"href":"https:\/\/contraluzcucuta.co\/index.php?rest_route=\/wp\/v2\/posts\/18096\/revisions\/18098"}],"wp:featuredmedia":[{"embeddable":true,"href":"https:\/\/contraluzcucuta.co\/index.php?rest_route=\/wp\/v2\/media\/18097"}],"wp:attachment":[{"href":"https:\/\/contraluzcucuta.co\/index.php?rest_route=%2Fwp%2Fv2%2Fmedia&parent=18096"}],"wp:term":[{"taxonomy":"category","embeddable":true,"href":"https:\/\/contraluzcucuta.co\/index.php?rest_route=%2Fwp%2Fv2%2Fcategories&post=18096"},{"taxonomy":"post_tag","embeddable":true,"href":"https:\/\/contraluzcucuta.co\/index.php?rest_route=%2Fwp%2Fv2%2Ftags&post=18096"}],"curies":[{"name":"wp","href":"https:\/\/api.w.org\/{rel}","templated":true}]}}